{"id":154,"date":"2015-09-30T18:23:20","date_gmt":"2015-09-30T18:23:20","guid":{"rendered":"http:\/\/weallseed.org\/asociacioncinde\/?p=154"},"modified":"2019-05-28T15:23:07","modified_gmt":"2019-05-28T15:23:07","slug":"cinde-en-la-revista-de-la-fundacion-mapfre","status":"publish","type":"post","link":"https:\/\/asociacioncinde.org\/en\/cinde-en-la-revista-de-la-fundacion-mapfre\/","title":{"rendered":"CINDE EN LA REVISTA DE LA FUNDACI\u00d3N MAPFRE"},"content":{"rendered":"<style type=\"text\/css\"><\/style><p>\u00a1CINDE en el \u00faltimo n\u00famero de la<a title=\"Revista Mapfre\" href=\"http:\/\/revistalafundacion.com\/marzo2015\/accion-social-cinde-salvador\/\" target=\"_blank\" rel=\"noopener\"> revista de la Fundaci\u00f3n Mapfre<\/a>! Es una suerte contar con su apoyo para la alimentaci\u00f3n diaria de m\u00e1s de 300 ni\u00f1os\/as y adolescentes, fundamental para su pleno desarrollo f\u00edsico e intelectual. \u00a1Conoce el proyecto!<\/p>\n","protected":false},"excerpt":{"rendered":"<p>\u00a1CINDE en el \u00faltimo n\u00famero de la revista de la Fundaci\u00f3n Mapfre! Es una suerte contar con su apoyo para la alimentaci\u00f3n diaria de m\u00e1s de 300 ni\u00f1os\/as y adolescentes, fundamental para su pleno desarrollo f\u00edsico e intelectual. \u00a1Conoce el proyecto!<\/p>\n","protected":false},"author":1,"featured_media":13485,"comment_status":"open","ping_status":"open","sticky":false,"template":"","format":"image","meta":{"footnotes":""},"categories":[63],"tags":[],"class_list":["post-154","post","type-post","status-publish","format-image","has-post-thumbnail","hentry","category-otros","post_format-post-format-image"],"yoast_head":"<!-- This site is optimized with the Yoast SEO plugin v26.4 - https:\/\/yoast.com\/wordpress\/plugins\/seo\/ -->\n<title>CINDE EN LA REVISTA DE LA FUNDACI\u00d3N MAPFRE - ASOCIACI\u00d3N CINDE<\/title>\n<meta name=\"robots\" content=\"index, follow, max-snippet:-1, max-image-preview:large, max-video-preview:-1\" \/>\n<link rel=\"canonical\" href=\"https:\/\/asociacioncinde.org\/en\/cinde-en-la-revista-de-la-fundacion-mapfre\/\" \/>\n<meta property=\"og:locale\" content=\"es_ES\" \/>\n<meta property=\"og:type\" content=\"article\" \/>\n<meta property=\"og:title\" content=\"CINDE EN LA REVISTA DE LA FUNDACI\u00d3N MAPFRE - ASOCIACI\u00d3N CINDE\" \/>\n<meta property=\"og:description\" content=\"\u00a1CINDE en el \u00faltimo n\u00famero de la revista de la Fundaci\u00f3n Mapfre! Es una suerte contar con su apoyo para la alimentaci\u00f3n diaria de m\u00e1s de 300 ni\u00f1os\/as y adolescentes, fundamental para su pleno desarrollo f\u00edsico e intelectual. \u00a1Conoce el proyecto!\" \/>\n<meta property=\"og:url\" content=\"https:\/\/asociacioncinde.org\/en\/cinde-en-la-revista-de-la-fundacion-mapfre\/\" \/>\n<meta property=\"og:site_name\" content=\"ASOCIACI\u00d3N CINDE\" \/>\n<meta property=\"article:published_time\" content=\"2015-09-30T18:23:20+00:00\" \/>\n<meta property=\"article:modified_time\" content=\"2019-05-28T15:23:07+00:00\" \/>\n<meta property=\"og:image\" content=\"https:\/\/asociacioncinde.org\/en\/wp-content\/uploads\/2015\/09\/revistamapfre2015.jpg\" \/>\n\t<meta property=\"og:image:width\" content=\"954\" \/>\n\t<meta property=\"og:image:height\" content=\"576\" \/>\n\t<meta property=\"og:image:type\" content=\"image\/jpeg\" \/>\n<meta name=\"author\" content=\"admin\" \/>\n<meta name=\"twitter:card\" content=\"summary_large_image\" \/>\n<meta name=\"twitter:label1\" content=\"Escrito por\" \/>\n\t<meta name=\"twitter:data1\" content=\"admin\" \/>\n<script type=\"application\/ld+json\" class=\"yoast-schema-graph\">{\"@context\":\"https:\/\/schema.org\",\"@graph\":[{\"@type\":\"WebPage\",\"@id\":\"https:\/\/asociacioncinde.org\/en\/cinde-en-la-revista-de-la-fundacion-mapfre\/\",\"url\":\"https:\/\/asociacioncinde.org\/en\/cinde-en-la-revista-de-la-fundacion-mapfre\/\",\"name\":\"CINDE EN LA REVISTA DE LA FUNDACI\u00d3N MAPFRE - ASOCIACI\u00d3N CINDE\",\"isPartOf\":{\"@id\":\"https:\/\/asociacioncinde.org\/en\/#website\"},\"primaryImageOfPage\":{\"@id\":\"https:\/\/asociacioncinde.org\/en\/cinde-en-la-revista-de-la-fundacion-mapfre\/#primaryimage\"},\"image\":{\"@id\":\"https:\/\/asociacioncinde.org\/en\/cinde-en-la-revista-de-la-fundacion-mapfre\/#primaryimage\"},\"thumbnailUrl\":\"https:\/\/asociacioncinde.org\/en\/wp-content\/uploads\/2015\/09\/revistamapfre2015.jpg\",\"datePublished\":\"2015-09-30T18:23:20+00:00\",\"dateModified\":\"2019-05-28T15:23:07+00:00\",\"author\":{\"@id\":\"https:\/\/asociacioncinde.org\/en\/#\/schema\/person\/8029c0b0740569a74b4acd97c5a02eb0\"},\"breadcrumb\":{\"@id\":\"https:\/\/asociacioncinde.org\/en\/cinde-en-la-revista-de-la-fundacion-mapfre\/#breadcrumb\"},\"inLanguage\":\"es\",\"potentialAction\":[{\"@type\":\"ReadAction\",\"target\":[\"https:\/\/asociacioncinde.org\/en\/cinde-en-la-revista-de-la-fundacion-mapfre\/\"]}]},{\"@type\":\"ImageObject\",\"inLanguage\":\"es\",\"@id\":\"https:\/\/asociacioncinde.org\/en\/cinde-en-la-revista-de-la-fundacion-mapfre\/#primaryimage\",\"url\":\"https:\/\/asociacioncinde.org\/en\/wp-content\/uploads\/2015\/09\/revistamapfre2015.jpg\",\"contentUrl\":\"https:\/\/asociacioncinde.org\/en\/wp-content\/uploads\/2015\/09\/revistamapfre2015.jpg\",\"width\":954,\"height\":576},{\"@type\":\"BreadcrumbList\",\"@id\":\"https:\/\/asociacioncinde.org\/en\/cinde-en-la-revista-de-la-fundacion-mapfre\/#breadcrumb\",\"itemListElement\":[{\"@type\":\"ListItem\",\"position\":1,\"name\":\"Home\",\"item\":\"https:\/\/asociacioncinde.org\/en\/\"},{\"@type\":\"ListItem\",\"position\":2,\"name\":\"CINDE EN LA REVISTA DE LA FUNDACI\u00d3N MAPFRE\"}]},{\"@type\":\"WebSite\",\"@id\":\"https:\/\/asociacioncinde.org\/en\/#website\",\"url\":\"https:\/\/asociacioncinde.org\/en\/\",\"name\":\"ASOCIACI\u00d3N CINDE\",\"description\":\"El Salvador\",\"potentialAction\":[{\"@type\":\"SearchAction\",\"target\":{\"@type\":\"EntryPoint\",\"urlTemplate\":\"https:\/\/asociacioncinde.org\/en\/?s={search_term_string}\"},\"query-input\":{\"@type\":\"PropertyValueSpecification\",\"valueRequired\":true,\"valueName\":\"search_term_string\"}}],\"inLanguage\":\"es\"},{\"@type\":\"Person\",\"@id\":\"https:\/\/asociacioncinde.org\/en\/#\/schema\/person\/8029c0b0740569a74b4acd97c5a02eb0\",\"name\":\"admin\",\"url\":\"https:\/\/asociacioncinde.org\/en\/author\/admin\/\"}]}<\/script>\n<!-- \/ Yoast SEO plugin. -->","yoast_head_json":{"title":"CINDE EN LA REVISTA DE LA FUNDACI\u00d3N MAPFRE - ASOCIACI\u00d3N CINDE","robots":{"index":"index","follow":"follow","max-snippet":"max-snippet:-1","max-image-preview":"max-image-preview:large","max-video-preview":"max-video-preview:-1"},"canonical":"https:\/\/asociacioncinde.org\/en\/cinde-en-la-revista-de-la-fundacion-mapfre\/","og_locale":"es_ES","og_type":"article","og_title":"CINDE EN LA REVISTA DE LA FUNDACI\u00d3N MAPFRE - ASOCIACI\u00d3N CINDE","og_description":"\u00a1CINDE en el \u00faltimo n\u00famero de la revista de la Fundaci\u00f3n Mapfre! Es una suerte contar con su apoyo para la alimentaci\u00f3n diaria de m\u00e1s de 300 ni\u00f1os\/as y adolescentes, fundamental para su pleno desarrollo f\u00edsico e intelectual. \u00a1Conoce el proyecto!","og_url":"https:\/\/asociacioncinde.org\/en\/cinde-en-la-revista-de-la-fundacion-mapfre\/","og_site_name":"ASOCIACI\u00d3N CINDE","article_published_time":"2015-09-30T18:23:20+00:00","article_modified_time":"2019-05-28T15:23:07+00:00","og_image":[{"width":954,"height":576,"url":"https:\/\/asociacioncinde.org\/en\/wp-content\/uploads\/2015\/09\/revistamapfre2015.jpg","type":"image\/jpeg"}],"author":"admin","twitter_card":"summary_large_image","twitter_misc":{"Escrito por":"admin"},"schema":{"@context":"https:\/\/schema.org","@graph":[{"@type":"WebPage","@id":"https:\/\/asociacioncinde.org\/en\/cinde-en-la-revista-de-la-fundacion-mapfre\/","url":"https:\/\/asociacioncinde.org\/en\/cinde-en-la-revista-de-la-fundacion-mapfre\/","name":"CINDE EN LA REVISTA DE LA FUNDACI\u00d3N MAPFRE - ASOCIACI\u00d3N CINDE","isPartOf":{"@id":"https:\/\/asociacioncinde.org\/en\/#website"},"primaryImageOfPage":{"@id":"https:\/\/asociacioncinde.org\/en\/cinde-en-la-revista-de-la-fundacion-mapfre\/#primaryimage"},"image":{"@id":"https:\/\/asociacioncinde.org\/en\/cinde-en-la-revista-de-la-fundacion-mapfre\/#primaryimage"},"thumbnailUrl":"https:\/\/asociacioncinde.org\/en\/wp-content\/uploads\/2015\/09\/revistamapfre2015.jpg","datePublished":"2015-09-30T18:23:20+00:00","dateModified":"2019-05-28T15:23:07+00:00","author":{"@id":"https:\/\/asociacioncinde.org\/en\/#\/schema\/person\/8029c0b0740569a74b4acd97c5a02eb0"},"breadcrumb":{"@id":"https:\/\/asociacioncinde.org\/en\/cinde-en-la-revista-de-la-fundacion-mapfre\/#breadcrumb"},"inLanguage":"es","potentialAction":[{"@type":"ReadAction","target":["https:\/\/asociacioncinde.org\/en\/cinde-en-la-revista-de-la-fundacion-mapfre\/"]}]},{"@type":"ImageObject","inLanguage":"es","@id":"https:\/\/asociacioncinde.org\/en\/cinde-en-la-revista-de-la-fundacion-mapfre\/#primaryimage","url":"https:\/\/asociacioncinde.org\/en\/wp-content\/uploads\/2015\/09\/revistamapfre2015.jpg","contentUrl":"https:\/\/asociacioncinde.org\/en\/wp-content\/uploads\/2015\/09\/revistamapfre2015.jpg","width":954,"height":576},{"@type":"BreadcrumbList","@id":"https:\/\/asociacioncinde.org\/en\/cinde-en-la-revista-de-la-fundacion-mapfre\/#breadcrumb","itemListElement":[{"@type":"ListItem","position":1,"name":"Home","item":"https:\/\/asociacioncinde.org\/en\/"},{"@type":"ListItem","position":2,"name":"CINDE EN LA REVISTA DE LA FUNDACI\u00d3N MAPFRE"}]},{"@type":"WebSite","@id":"https:\/\/asociacioncinde.org\/en\/#website","url":"https:\/\/asociacioncinde.org\/en\/","name":"ASOCIACI\u00d3N CINDE","description":"El Salvador","potentialAction":[{"@type":"SearchAction","target":{"@type":"EntryPoint","urlTemplate":"https:\/\/asociacioncinde.org\/en\/?s={search_term_string}"},"query-input":{"@type":"PropertyValueSpecification","valueRequired":true,"valueName":"search_term_string"}}],"inLanguage":"es"},{"@type":"Person","@id":"https:\/\/asociacioncinde.org\/en\/#\/schema\/person\/8029c0b0740569a74b4acd97c5a02eb0","name":"admin","url":"https:\/\/asociacioncinde.org\/en\/author\/admin\/"}]}},"_links":{"self":[{"href":"https:\/\/asociacioncinde.org\/en\/wp-json\/wp\/v2\/posts\/154","targetHints":{"allow":["GET"]}}],"collection":[{"href":"https:\/\/asociacioncinde.org\/en\/wp-json\/wp\/v2\/posts"}],"about":[{"href":"https:\/\/asociacioncinde.org\/en\/wp-json\/wp\/v2\/types\/post"}],"author":[{"embeddable":true,"href":"https:\/\/asociacioncinde.org\/en\/wp-json\/wp\/v2\/users\/1"}],"replies":[{"embeddable":true,"href":"https:\/\/asociacioncinde.org\/en\/wp-json\/wp\/v2\/comments?post=154"}],"version-history":[{"count":1,"href":"https:\/\/asociacioncinde.org\/en\/wp-json\/wp\/v2\/posts\/154\/revisions"}],"predecessor-version":[{"id":13486,"href":"https:\/\/asociacioncinde.org\/en\/wp-json\/wp\/v2\/posts\/154\/revisions\/13486"}],"wp:featuredmedia":[{"embeddable":true,"href":"https:\/\/asociacioncinde.org\/en\/wp-json\/wp\/v2\/media\/13485"}],"wp:attachment":[{"href":"https:\/\/asociacioncinde.org\/en\/wp-json\/wp\/v2\/media?parent=154"}],"wp:term":[{"taxonomy":"category","embeddable":true,"href":"https:\/\/asociacioncinde.org\/en\/wp-json\/wp\/v2\/categories?post=154"},{"taxonomy":"post_tag","embeddable":true,"href":"https:\/\/asociacioncinde.org\/en\/wp-json\/wp\/v2\/tags?post=154"}],"curies":[{"name":"wp","href":"https:\/\/api.w.org\/{rel}","templated":true}]}}