{"id":470,"date":"2017-03-12T09:07:40","date_gmt":"2017-03-12T09:07:40","guid":{"rendered":"http:\/\/asociacioncinde.org\/?p=470"},"modified":"2019-05-28T14:56:33","modified_gmt":"2019-05-28T14:56:33","slug":"firma-de-convenio-con-fundacion-mapfre","status":"publish","type":"post","link":"https:\/\/asociacioncinde.org\/en\/firma-de-convenio-con-fundacion-mapfre\/","title":{"rendered":"FIRMA DE CONVENIO CON FUNDACI\u00d3N MAPFRE"},"content":{"rendered":"<style type=\"text\/css\"><\/style><p>El pasado 9 de marzo CINDE firm\u00f3 un nuevo convenio de colaboraci\u00f3n con la Fundaci\u00f3n Mapfre, mediante el cual contin\u00faa su apoyo durante este 2017 al proyecto \u201cAtenci\u00f3n educativa y nutricional a 375 ni\u00f1os\/as y j\u00f3venes de los Municipios de Mejicanos y Soyapango (San Salvador)\u201d. Adem\u00e1s, este a\u00f1o la Fundaci\u00f3n Mapfre ha aumentado el importe de la ayuda, con el objetivo de llegar a m\u00e1s personas y ofrecer una alimentaci\u00f3n que asegure el pleno desarrollo f\u00edsico e intelectual de los ni\u00f1os\/as y j\u00f3venes que participan en los proyectos de Centros Infantiles de Desarrollo y Refuerzo Escolar. \u00a1Gracias!<\/p>\n","protected":false},"excerpt":{"rendered":"<p>El pasado 9 de marzo CINDE firm\u00f3 un nuevo convenio de colaboraci\u00f3n con la Fundaci\u00f3n Mapfre, mediante el cual contin\u00faa su apoyo durante este 2017 al proyecto \u201cAtenci\u00f3n educativa y nutricional a 375 ni\u00f1os\/as y j\u00f3venes de los Municipios de Mejicanos y Soyapango (San Salvador)\u201d. Adem\u00e1s, este a\u00f1o la Fundaci\u00f3n Mapfre ha aumentado el importe&#8230;<\/p>\n","protected":false},"author":1,"featured_media":13459,"comment_status":"open","ping_status":"open","sticky":false,"template":"","format":"image","meta":{"footnotes":""},"categories":[58],"tags":[],"class_list":["post-470","post","type-post","status-publish","format-image","has-post-thumbnail","hentry","category-proyectos","post_format-post-format-image"],"yoast_head":"<!-- This site is optimized with the Yoast SEO plugin v26.4 - https:\/\/yoast.com\/wordpress\/plugins\/seo\/ -->\n<title>FIRMA DE CONVENIO CON FUNDACI\u00d3N MAPFRE - ASOCIACI\u00d3N CINDE<\/title>\n<meta name=\"robots\" content=\"index, follow, max-snippet:-1, max-image-preview:large, max-video-preview:-1\" \/>\n<link rel=\"canonical\" href=\"https:\/\/asociacioncinde.org\/en\/firma-de-convenio-con-fundacion-mapfre\/\" \/>\n<meta property=\"og:locale\" content=\"es_ES\" \/>\n<meta property=\"og:type\" content=\"article\" \/>\n<meta property=\"og:title\" content=\"FIRMA DE CONVENIO CON FUNDACI\u00d3N MAPFRE - ASOCIACI\u00d3N CINDE\" \/>\n<meta property=\"og:description\" content=\"El pasado 9 de marzo CINDE firm\u00f3 un nuevo convenio de colaboraci\u00f3n con la Fundaci\u00f3n Mapfre, mediante el cual contin\u00faa su apoyo durante este 2017 al proyecto \u201cAtenci\u00f3n educativa y nutricional a 375 ni\u00f1os\/as y j\u00f3venes de los Municipios de Mejicanos y Soyapango (San Salvador)\u201d. Adem\u00e1s, este a\u00f1o la Fundaci\u00f3n Mapfre ha aumentado el importe...\" \/>\n<meta property=\"og:url\" content=\"https:\/\/asociacioncinde.org\/en\/firma-de-convenio-con-fundacion-mapfre\/\" \/>\n<meta property=\"og:site_name\" content=\"ASOCIACI\u00d3N CINDE\" \/>\n<meta property=\"article:published_time\" content=\"2017-03-12T09:07:40+00:00\" \/>\n<meta property=\"article:modified_time\" content=\"2019-05-28T14:56:33+00:00\" \/>\n<meta property=\"og:image\" content=\"https:\/\/asociacioncinde.org\/en\/wp-content\/uploads\/2017\/03\/mapfre_2016_b-1024x681.jpg\" \/>\n\t<meta property=\"og:image:width\" content=\"1024\" \/>\n\t<meta property=\"og:image:height\" content=\"681\" \/>\n\t<meta property=\"og:image:type\" content=\"image\/jpeg\" \/>\n<meta name=\"author\" content=\"admin\" \/>\n<meta name=\"twitter:card\" content=\"summary_large_image\" \/>\n<meta name=\"twitter:label1\" content=\"Escrito por\" \/>\n\t<meta name=\"twitter:data1\" content=\"admin\" \/>\n\t<meta name=\"twitter:label2\" content=\"Tiempo de lectura\" \/>\n\t<meta name=\"twitter:data2\" content=\"1 minuto\" \/>\n<script type=\"application\/ld+json\" class=\"yoast-schema-graph\">{\"@context\":\"https:\/\/schema.org\",\"@graph\":[{\"@type\":\"WebPage\",\"@id\":\"https:\/\/asociacioncinde.org\/en\/firma-de-convenio-con-fundacion-mapfre\/\",\"url\":\"https:\/\/asociacioncinde.org\/en\/firma-de-convenio-con-fundacion-mapfre\/\",\"name\":\"FIRMA DE CONVENIO CON FUNDACI\u00d3N MAPFRE - ASOCIACI\u00d3N CINDE\",\"isPartOf\":{\"@id\":\"https:\/\/asociacioncinde.org\/en\/#website\"},\"primaryImageOfPage\":{\"@id\":\"https:\/\/asociacioncinde.org\/en\/firma-de-convenio-con-fundacion-mapfre\/#primaryimage\"},\"image\":{\"@id\":\"https:\/\/asociacioncinde.org\/en\/firma-de-convenio-con-fundacion-mapfre\/#primaryimage\"},\"thumbnailUrl\":\"https:\/\/asociacioncinde.org\/en\/wp-content\/uploads\/2017\/03\/mapfre_2016_b.jpg\",\"datePublished\":\"2017-03-12T09:07:40+00:00\",\"dateModified\":\"2019-05-28T14:56:33+00:00\",\"author\":{\"@id\":\"https:\/\/asociacioncinde.org\/en\/#\/schema\/person\/8029c0b0740569a74b4acd97c5a02eb0\"},\"breadcrumb\":{\"@id\":\"https:\/\/asociacioncinde.org\/en\/firma-de-convenio-con-fundacion-mapfre\/#breadcrumb\"},\"inLanguage\":\"es\",\"potentialAction\":[{\"@type\":\"ReadAction\",\"target\":[\"https:\/\/asociacioncinde.org\/en\/firma-de-convenio-con-fundacion-mapfre\/\"]}]},{\"@type\":\"ImageObject\",\"inLanguage\":\"es\",\"@id\":\"https:\/\/asociacioncinde.org\/en\/firma-de-convenio-con-fundacion-mapfre\/#primaryimage\",\"url\":\"https:\/\/asociacioncinde.org\/en\/wp-content\/uploads\/2017\/03\/mapfre_2016_b.jpg\",\"contentUrl\":\"https:\/\/asociacioncinde.org\/en\/wp-content\/uploads\/2017\/03\/mapfre_2016_b.jpg\",\"width\":3008,\"height\":2000},{\"@type\":\"BreadcrumbList\",\"@id\":\"https:\/\/asociacioncinde.org\/en\/firma-de-convenio-con-fundacion-mapfre\/#breadcrumb\",\"itemListElement\":[{\"@type\":\"ListItem\",\"position\":1,\"name\":\"Home\",\"item\":\"https:\/\/asociacioncinde.org\/en\/\"},{\"@type\":\"ListItem\",\"position\":2,\"name\":\"FIRMA DE CONVENIO CON FUNDACI\u00d3N MAPFRE\"}]},{\"@type\":\"WebSite\",\"@id\":\"https:\/\/asociacioncinde.org\/en\/#website\",\"url\":\"https:\/\/asociacioncinde.org\/en\/\",\"name\":\"ASOCIACI\u00d3N CINDE\",\"description\":\"El Salvador\",\"potentialAction\":[{\"@type\":\"SearchAction\",\"target\":{\"@type\":\"EntryPoint\",\"urlTemplate\":\"https:\/\/asociacioncinde.org\/en\/?s={search_term_string}\"},\"query-input\":{\"@type\":\"PropertyValueSpecification\",\"valueRequired\":true,\"valueName\":\"search_term_string\"}}],\"inLanguage\":\"es\"},{\"@type\":\"Person\",\"@id\":\"https:\/\/asociacioncinde.org\/en\/#\/schema\/person\/8029c0b0740569a74b4acd97c5a02eb0\",\"name\":\"admin\",\"url\":\"https:\/\/asociacioncinde.org\/en\/author\/admin\/\"}]}<\/script>\n<!-- \/ Yoast SEO plugin. -->","yoast_head_json":{"title":"FIRMA DE CONVENIO CON FUNDACI\u00d3N MAPFRE - ASOCIACI\u00d3N CINDE","robots":{"index":"index","follow":"follow","max-snippet":"max-snippet:-1","max-image-preview":"max-image-preview:large","max-video-preview":"max-video-preview:-1"},"canonical":"https:\/\/asociacioncinde.org\/en\/firma-de-convenio-con-fundacion-mapfre\/","og_locale":"es_ES","og_type":"article","og_title":"FIRMA DE CONVENIO CON FUNDACI\u00d3N MAPFRE - ASOCIACI\u00d3N CINDE","og_description":"El pasado 9 de marzo CINDE firm\u00f3 un nuevo convenio de colaboraci\u00f3n con la Fundaci\u00f3n Mapfre, mediante el cual contin\u00faa su apoyo durante este 2017 al proyecto \u201cAtenci\u00f3n educativa y nutricional a 375 ni\u00f1os\/as y j\u00f3venes de los Municipios de Mejicanos y Soyapango (San Salvador)\u201d. Adem\u00e1s, este a\u00f1o la Fundaci\u00f3n Mapfre ha aumentado el importe...","og_url":"https:\/\/asociacioncinde.org\/en\/firma-de-convenio-con-fundacion-mapfre\/","og_site_name":"ASOCIACI\u00d3N CINDE","article_published_time":"2017-03-12T09:07:40+00:00","article_modified_time":"2019-05-28T14:56:33+00:00","og_image":[{"width":1024,"height":681,"url":"https:\/\/asociacioncinde.org\/en\/wp-content\/uploads\/2017\/03\/mapfre_2016_b-1024x681.jpg","type":"image\/jpeg"}],"author":"admin","twitter_card":"summary_large_image","twitter_misc":{"Escrito por":"admin","Tiempo de lectura":"1 minuto"},"schema":{"@context":"https:\/\/schema.org","@graph":[{"@type":"WebPage","@id":"https:\/\/asociacioncinde.org\/en\/firma-de-convenio-con-fundacion-mapfre\/","url":"https:\/\/asociacioncinde.org\/en\/firma-de-convenio-con-fundacion-mapfre\/","name":"FIRMA DE CONVENIO CON FUNDACI\u00d3N MAPFRE - ASOCIACI\u00d3N CINDE","isPartOf":{"@id":"https:\/\/asociacioncinde.org\/en\/#website"},"primaryImageOfPage":{"@id":"https:\/\/asociacioncinde.org\/en\/firma-de-convenio-con-fundacion-mapfre\/#primaryimage"},"image":{"@id":"https:\/\/asociacioncinde.org\/en\/firma-de-convenio-con-fundacion-mapfre\/#primaryimage"},"thumbnailUrl":"https:\/\/asociacioncinde.org\/en\/wp-content\/uploads\/2017\/03\/mapfre_2016_b.jpg","datePublished":"2017-03-12T09:07:40+00:00","dateModified":"2019-05-28T14:56:33+00:00","author":{"@id":"https:\/\/asociacioncinde.org\/en\/#\/schema\/person\/8029c0b0740569a74b4acd97c5a02eb0"},"breadcrumb":{"@id":"https:\/\/asociacioncinde.org\/en\/firma-de-convenio-con-fundacion-mapfre\/#breadcrumb"},"inLanguage":"es","potentialAction":[{"@type":"ReadAction","target":["https:\/\/asociacioncinde.org\/en\/firma-de-convenio-con-fundacion-mapfre\/"]}]},{"@type":"ImageObject","inLanguage":"es","@id":"https:\/\/asociacioncinde.org\/en\/firma-de-convenio-con-fundacion-mapfre\/#primaryimage","url":"https:\/\/asociacioncinde.org\/en\/wp-content\/uploads\/2017\/03\/mapfre_2016_b.jpg","contentUrl":"https:\/\/asociacioncinde.org\/en\/wp-content\/uploads\/2017\/03\/mapfre_2016_b.jpg","width":3008,"height":2000},{"@type":"BreadcrumbList","@id":"https:\/\/asociacioncinde.org\/en\/firma-de-convenio-con-fundacion-mapfre\/#breadcrumb","itemListElement":[{"@type":"ListItem","position":1,"name":"Home","item":"https:\/\/asociacioncinde.org\/en\/"},{"@type":"ListItem","position":2,"name":"FIRMA DE CONVENIO CON FUNDACI\u00d3N MAPFRE"}]},{"@type":"WebSite","@id":"https:\/\/asociacioncinde.org\/en\/#website","url":"https:\/\/asociacioncinde.org\/en\/","name":"ASOCIACI\u00d3N CINDE","description":"El Salvador","potentialAction":[{"@type":"SearchAction","target":{"@type":"EntryPoint","urlTemplate":"https:\/\/asociacioncinde.org\/en\/?s={search_term_string}"},"query-input":{"@type":"PropertyValueSpecification","valueRequired":true,"valueName":"search_term_string"}}],"inLanguage":"es"},{"@type":"Person","@id":"https:\/\/asociacioncinde.org\/en\/#\/schema\/person\/8029c0b0740569a74b4acd97c5a02eb0","name":"admin","url":"https:\/\/asociacioncinde.org\/en\/author\/admin\/"}]}},"_links":{"self":[{"href":"https:\/\/asociacioncinde.org\/en\/wp-json\/wp\/v2\/posts\/470","targetHints":{"allow":["GET"]}}],"collection":[{"href":"https:\/\/asociacioncinde.org\/en\/wp-json\/wp\/v2\/posts"}],"about":[{"href":"https:\/\/asociacioncinde.org\/en\/wp-json\/wp\/v2\/types\/post"}],"author":[{"embeddable":true,"href":"https:\/\/asociacioncinde.org\/en\/wp-json\/wp\/v2\/users\/1"}],"replies":[{"embeddable":true,"href":"https:\/\/asociacioncinde.org\/en\/wp-json\/wp\/v2\/comments?post=470"}],"version-history":[{"count":1,"href":"https:\/\/asociacioncinde.org\/en\/wp-json\/wp\/v2\/posts\/470\/revisions"}],"predecessor-version":[{"id":13460,"href":"https:\/\/asociacioncinde.org\/en\/wp-json\/wp\/v2\/posts\/470\/revisions\/13460"}],"wp:featuredmedia":[{"embeddable":true,"href":"https:\/\/asociacioncinde.org\/en\/wp-json\/wp\/v2\/media\/13459"}],"wp:attachment":[{"href":"https:\/\/asociacioncinde.org\/en\/wp-json\/wp\/v2\/media?parent=470"}],"wp:term":[{"taxonomy":"category","embeddable":true,"href":"https:\/\/asociacioncinde.org\/en\/wp-json\/wp\/v2\/categories?post=470"},{"taxonomy":"post_tag","embeddable":true,"href":"https:\/\/asociacioncinde.org\/en\/wp-json\/wp\/v2\/tags?post=470"}],"curies":[{"name":"wp","href":"https:\/\/api.w.org\/{rel}","templated":true}]}}