{"id":506,"date":"2017-07-08T11:50:20","date_gmt":"2017-07-08T11:50:20","guid":{"rendered":"http:\/\/asociacioncinde.org\/?p=506"},"modified":"2019-05-28T14:49:15","modified_gmt":"2019-05-28T14:49:15","slug":"abriendo-espacios-de-paz-y-convivencia","status":"publish","type":"post","link":"https:\/\/asociacioncinde.org\/en\/abriendo-espacios-de-paz-y-convivencia\/","title":{"rendered":"ABRIENDO ESPACIOS DE PAZ Y CONVIVENCIA"},"content":{"rendered":"<style type=\"text\/css\"><\/style><p>Desde comienzos de 2017, CINDE ha ampliado su zona de actuaci\u00f3n a dos nuevos municipios: Ayutuxtepeque y Ciudad Delgado, a trav\u00e9s del proyecto comunitario \u201cAbriendo espacios de paz y convivencia\u201d. Este proyecto busca crear espacios de socializaci\u00f3n seguros en comunidades vulneradas y estigmatizadas por la violencia social en el \u00c1rea Metropolitana de San Salvador mediante actividades dirigidas, principalmente, a ni\u00f1os y adolescentes de 5 a 16 a\u00f1os que residen en comunidades pertenecientes a estos municipios. Ellos ser\u00e1n los principales impulsores de la creaci\u00f3n y apropiaci\u00f3n de estos espacios libres de violencia.<\/p>\n<p>La intervenci\u00f3n en las comunidades se lleva a cabo incidiendo en tres niveles: individual, familiar y comunitario.<\/p>\n<p>a) A nivel individual: brindando atenci\u00f3n psicosocial permanente y mediante la ense\u00f1anza de diferentes disciplinas art\u00edsticas que, posteriormente, faciliten la construcci\u00f3n colectiva creando v\u00ednculos que les permitan ayudarse y aprender unos de otros.<\/p>\n<p>b) A nivel familiar: transformando las pr\u00e1cticas de crianza violentas en una educaci\u00f3n sin violencia. Esto se conseguir\u00e1 a trav\u00e9s de procesos formativos y del establecimiento de espacios donde padres e hijos puedan, mediante el juego, relacionarse y convivir, a la vez que interiorizan las modificaciones al estilo de crianza actual, el cual se basa, principalmente, en el castigo f\u00edsico.<\/p>\n<p>c) A nivel comunitario: identificando y fortaleciendo a las personas con un rol significativo en la comunidad, elaborando planes de acci\u00f3n para garantizar los derechos de los ni\u00f1os y adolescentes y construyendo y manteniendo los espacios seguros para ellos. En este nivel se emplear\u00e1 la metodolog\u00eda constructiva, de manera que el proceso de ejecuci\u00f3n de este proyecto sea el resultado de una participaci\u00f3n interactiva de todos en cooperaci\u00f3n con el facilitador.<\/p>\n<p>Con este proyecto comunitario se pretende mejorar la vida de las personas en estas comunidades y garantizar la protecci\u00f3n de los ni\u00f1os y adolescentes.<\/p>\n","protected":false},"excerpt":{"rendered":"<p>Desde comienzos de 2017, CINDE ha ampliado su zona de actuaci\u00f3n a dos nuevos municipios: Ayutuxtepeque y Ciudad Delgado, a trav\u00e9s del proyecto comunitario \u201cAbriendo espacios de paz y convivencia\u201d. Este proyecto busca crear espacios de socializaci\u00f3n seguros en comunidades vulneradas y estigmatizadas por la violencia social en el \u00c1rea Metropolitana de San Salvador mediante&#8230;<\/p>\n","protected":false},"author":1,"featured_media":13451,"comment_status":"open","ping_status":"open","sticky":false,"template":"","format":"image","meta":{"footnotes":""},"categories":[58],"tags":[],"class_list":["post-506","post","type-post","status-publish","format-image","has-post-thumbnail","hentry","category-proyectos","post_format-post-format-image"],"yoast_head":"<!-- This site is optimized with the Yoast SEO plugin v26.4 - https:\/\/yoast.com\/wordpress\/plugins\/seo\/ -->\n<title>ABRIENDO ESPACIOS DE PAZ Y CONVIVENCIA - ASOCIACI\u00d3N CINDE<\/title>\n<meta name=\"robots\" content=\"index, follow, max-snippet:-1, max-image-preview:large, max-video-preview:-1\" \/>\n<link rel=\"canonical\" href=\"https:\/\/asociacioncinde.org\/en\/abriendo-espacios-de-paz-y-convivencia\/\" \/>\n<meta property=\"og:locale\" content=\"es_ES\" \/>\n<meta property=\"og:type\" content=\"article\" \/>\n<meta property=\"og:title\" content=\"ABRIENDO ESPACIOS DE PAZ Y CONVIVENCIA - ASOCIACI\u00d3N CINDE\" \/>\n<meta property=\"og:description\" content=\"Desde comienzos de 2017, CINDE ha ampliado su zona de actuaci\u00f3n a dos nuevos municipios: Ayutuxtepeque y Ciudad Delgado, a trav\u00e9s del proyecto comunitario \u201cAbriendo espacios de paz y convivencia\u201d. Este proyecto busca crear espacios de socializaci\u00f3n seguros en comunidades vulneradas y estigmatizadas por la violencia social en el \u00c1rea Metropolitana de San Salvador mediante...\" \/>\n<meta property=\"og:url\" content=\"https:\/\/asociacioncinde.org\/en\/abriendo-espacios-de-paz-y-convivencia\/\" \/>\n<meta property=\"og:site_name\" content=\"ASOCIACI\u00d3N CINDE\" \/>\n<meta property=\"article:published_time\" content=\"2017-07-08T11:50:20+00:00\" \/>\n<meta property=\"article:modified_time\" content=\"2019-05-28T14:49:15+00:00\" \/>\n<meta property=\"og:image\" content=\"https:\/\/asociacioncinde.org\/en\/wp-content\/uploads\/2017\/07\/Foto3.jpg\" \/>\n\t<meta property=\"og:image:width\" content=\"883\" \/>\n\t<meta property=\"og:image:height\" content=\"662\" \/>\n\t<meta property=\"og:image:type\" content=\"image\/jpeg\" \/>\n<meta name=\"author\" content=\"admin\" \/>\n<meta name=\"twitter:card\" content=\"summary_large_image\" \/>\n<meta name=\"twitter:label1\" content=\"Escrito por\" \/>\n\t<meta name=\"twitter:data1\" content=\"admin\" \/>\n\t<meta name=\"twitter:label2\" content=\"Tiempo de lectura\" \/>\n\t<meta name=\"twitter:data2\" content=\"2 minutos\" \/>\n<script type=\"application\/ld+json\" class=\"yoast-schema-graph\">{\"@context\":\"https:\/\/schema.org\",\"@graph\":[{\"@type\":\"WebPage\",\"@id\":\"https:\/\/asociacioncinde.org\/en\/abriendo-espacios-de-paz-y-convivencia\/\",\"url\":\"https:\/\/asociacioncinde.org\/en\/abriendo-espacios-de-paz-y-convivencia\/\",\"name\":\"ABRIENDO ESPACIOS DE PAZ Y CONVIVENCIA - ASOCIACI\u00d3N CINDE\",\"isPartOf\":{\"@id\":\"https:\/\/asociacioncinde.org\/en\/#website\"},\"primaryImageOfPage\":{\"@id\":\"https:\/\/asociacioncinde.org\/en\/abriendo-espacios-de-paz-y-convivencia\/#primaryimage\"},\"image\":{\"@id\":\"https:\/\/asociacioncinde.org\/en\/abriendo-espacios-de-paz-y-convivencia\/#primaryimage\"},\"thumbnailUrl\":\"https:\/\/asociacioncinde.org\/en\/wp-content\/uploads\/2017\/07\/Foto3.jpg\",\"datePublished\":\"2017-07-08T11:50:20+00:00\",\"dateModified\":\"2019-05-28T14:49:15+00:00\",\"author\":{\"@id\":\"https:\/\/asociacioncinde.org\/en\/#\/schema\/person\/8029c0b0740569a74b4acd97c5a02eb0\"},\"breadcrumb\":{\"@id\":\"https:\/\/asociacioncinde.org\/en\/abriendo-espacios-de-paz-y-convivencia\/#breadcrumb\"},\"inLanguage\":\"es\",\"potentialAction\":[{\"@type\":\"ReadAction\",\"target\":[\"https:\/\/asociacioncinde.org\/en\/abriendo-espacios-de-paz-y-convivencia\/\"]}]},{\"@type\":\"ImageObject\",\"inLanguage\":\"es\",\"@id\":\"https:\/\/asociacioncinde.org\/en\/abriendo-espacios-de-paz-y-convivencia\/#primaryimage\",\"url\":\"https:\/\/asociacioncinde.org\/en\/wp-content\/uploads\/2017\/07\/Foto3.jpg\",\"contentUrl\":\"https:\/\/asociacioncinde.org\/en\/wp-content\/uploads\/2017\/07\/Foto3.jpg\",\"width\":883,\"height\":662},{\"@type\":\"BreadcrumbList\",\"@id\":\"https:\/\/asociacioncinde.org\/en\/abriendo-espacios-de-paz-y-convivencia\/#breadcrumb\",\"itemListElement\":[{\"@type\":\"ListItem\",\"position\":1,\"name\":\"Home\",\"item\":\"https:\/\/asociacioncinde.org\/en\/\"},{\"@type\":\"ListItem\",\"position\":2,\"name\":\"ABRIENDO ESPACIOS DE PAZ Y CONVIVENCIA\"}]},{\"@type\":\"WebSite\",\"@id\":\"https:\/\/asociacioncinde.org\/en\/#website\",\"url\":\"https:\/\/asociacioncinde.org\/en\/\",\"name\":\"ASOCIACI\u00d3N CINDE\",\"description\":\"El Salvador\",\"potentialAction\":[{\"@type\":\"SearchAction\",\"target\":{\"@type\":\"EntryPoint\",\"urlTemplate\":\"https:\/\/asociacioncinde.org\/en\/?s={search_term_string}\"},\"query-input\":{\"@type\":\"PropertyValueSpecification\",\"valueRequired\":true,\"valueName\":\"search_term_string\"}}],\"inLanguage\":\"es\"},{\"@type\":\"Person\",\"@id\":\"https:\/\/asociacioncinde.org\/en\/#\/schema\/person\/8029c0b0740569a74b4acd97c5a02eb0\",\"name\":\"admin\",\"url\":\"https:\/\/asociacioncinde.org\/en\/author\/admin\/\"}]}<\/script>\n<!-- \/ Yoast SEO plugin. -->","yoast_head_json":{"title":"ABRIENDO ESPACIOS DE PAZ Y CONVIVENCIA - ASOCIACI\u00d3N CINDE","robots":{"index":"index","follow":"follow","max-snippet":"max-snippet:-1","max-image-preview":"max-image-preview:large","max-video-preview":"max-video-preview:-1"},"canonical":"https:\/\/asociacioncinde.org\/en\/abriendo-espacios-de-paz-y-convivencia\/","og_locale":"es_ES","og_type":"article","og_title":"ABRIENDO ESPACIOS DE PAZ Y CONVIVENCIA - ASOCIACI\u00d3N CINDE","og_description":"Desde comienzos de 2017, CINDE ha ampliado su zona de actuaci\u00f3n a dos nuevos municipios: Ayutuxtepeque y Ciudad Delgado, a trav\u00e9s del proyecto comunitario \u201cAbriendo espacios de paz y convivencia\u201d. Este proyecto busca crear espacios de socializaci\u00f3n seguros en comunidades vulneradas y estigmatizadas por la violencia social en el \u00c1rea Metropolitana de San Salvador mediante...","og_url":"https:\/\/asociacioncinde.org\/en\/abriendo-espacios-de-paz-y-convivencia\/","og_site_name":"ASOCIACI\u00d3N CINDE","article_published_time":"2017-07-08T11:50:20+00:00","article_modified_time":"2019-05-28T14:49:15+00:00","og_image":[{"width":883,"height":662,"url":"https:\/\/asociacioncinde.org\/en\/wp-content\/uploads\/2017\/07\/Foto3.jpg","type":"image\/jpeg"}],"author":"admin","twitter_card":"summary_large_image","twitter_misc":{"Escrito por":"admin","Tiempo de lectura":"2 minutos"},"schema":{"@context":"https:\/\/schema.org","@graph":[{"@type":"WebPage","@id":"https:\/\/asociacioncinde.org\/en\/abriendo-espacios-de-paz-y-convivencia\/","url":"https:\/\/asociacioncinde.org\/en\/abriendo-espacios-de-paz-y-convivencia\/","name":"ABRIENDO ESPACIOS DE PAZ Y CONVIVENCIA - ASOCIACI\u00d3N CINDE","isPartOf":{"@id":"https:\/\/asociacioncinde.org\/en\/#website"},"primaryImageOfPage":{"@id":"https:\/\/asociacioncinde.org\/en\/abriendo-espacios-de-paz-y-convivencia\/#primaryimage"},"image":{"@id":"https:\/\/asociacioncinde.org\/en\/abriendo-espacios-de-paz-y-convivencia\/#primaryimage"},"thumbnailUrl":"https:\/\/asociacioncinde.org\/en\/wp-content\/uploads\/2017\/07\/Foto3.jpg","datePublished":"2017-07-08T11:50:20+00:00","dateModified":"2019-05-28T14:49:15+00:00","author":{"@id":"https:\/\/asociacioncinde.org\/en\/#\/schema\/person\/8029c0b0740569a74b4acd97c5a02eb0"},"breadcrumb":{"@id":"https:\/\/asociacioncinde.org\/en\/abriendo-espacios-de-paz-y-convivencia\/#breadcrumb"},"inLanguage":"es","potentialAction":[{"@type":"ReadAction","target":["https:\/\/asociacioncinde.org\/en\/abriendo-espacios-de-paz-y-convivencia\/"]}]},{"@type":"ImageObject","inLanguage":"es","@id":"https:\/\/asociacioncinde.org\/en\/abriendo-espacios-de-paz-y-convivencia\/#primaryimage","url":"https:\/\/asociacioncinde.org\/en\/wp-content\/uploads\/2017\/07\/Foto3.jpg","contentUrl":"https:\/\/asociacioncinde.org\/en\/wp-content\/uploads\/2017\/07\/Foto3.jpg","width":883,"height":662},{"@type":"BreadcrumbList","@id":"https:\/\/asociacioncinde.org\/en\/abriendo-espacios-de-paz-y-convivencia\/#breadcrumb","itemListElement":[{"@type":"ListItem","position":1,"name":"Home","item":"https:\/\/asociacioncinde.org\/en\/"},{"@type":"ListItem","position":2,"name":"ABRIENDO ESPACIOS DE PAZ Y CONVIVENCIA"}]},{"@type":"WebSite","@id":"https:\/\/asociacioncinde.org\/en\/#website","url":"https:\/\/asociacioncinde.org\/en\/","name":"ASOCIACI\u00d3N CINDE","description":"El Salvador","potentialAction":[{"@type":"SearchAction","target":{"@type":"EntryPoint","urlTemplate":"https:\/\/asociacioncinde.org\/en\/?s={search_term_string}"},"query-input":{"@type":"PropertyValueSpecification","valueRequired":true,"valueName":"search_term_string"}}],"inLanguage":"es"},{"@type":"Person","@id":"https:\/\/asociacioncinde.org\/en\/#\/schema\/person\/8029c0b0740569a74b4acd97c5a02eb0","name":"admin","url":"https:\/\/asociacioncinde.org\/en\/author\/admin\/"}]}},"_links":{"self":[{"href":"https:\/\/asociacioncinde.org\/en\/wp-json\/wp\/v2\/posts\/506","targetHints":{"allow":["GET"]}}],"collection":[{"href":"https:\/\/asociacioncinde.org\/en\/wp-json\/wp\/v2\/posts"}],"about":[{"href":"https:\/\/asociacioncinde.org\/en\/wp-json\/wp\/v2\/types\/post"}],"author":[{"embeddable":true,"href":"https:\/\/asociacioncinde.org\/en\/wp-json\/wp\/v2\/users\/1"}],"replies":[{"embeddable":true,"href":"https:\/\/asociacioncinde.org\/en\/wp-json\/wp\/v2\/comments?post=506"}],"version-history":[{"count":1,"href":"https:\/\/asociacioncinde.org\/en\/wp-json\/wp\/v2\/posts\/506\/revisions"}],"predecessor-version":[{"id":13452,"href":"https:\/\/asociacioncinde.org\/en\/wp-json\/wp\/v2\/posts\/506\/revisions\/13452"}],"wp:featuredmedia":[{"embeddable":true,"href":"https:\/\/asociacioncinde.org\/en\/wp-json\/wp\/v2\/media\/13451"}],"wp:attachment":[{"href":"https:\/\/asociacioncinde.org\/en\/wp-json\/wp\/v2\/media?parent=506"}],"wp:term":[{"taxonomy":"category","embeddable":true,"href":"https:\/\/asociacioncinde.org\/en\/wp-json\/wp\/v2\/categories?post=506"},{"taxonomy":"post_tag","embeddable":true,"href":"https:\/\/asociacioncinde.org\/en\/wp-json\/wp\/v2\/tags?post=506"}],"curies":[{"name":"wp","href":"https:\/\/api.w.org\/{rel}","templated":true}]}}