{"id":536,"date":"2017-09-03T08:45:50","date_gmt":"2017-09-03T08:45:50","guid":{"rendered":"http:\/\/asociacioncinde.org\/?p=536"},"modified":"2019-05-28T14:38:55","modified_gmt":"2019-05-28T14:38:55","slug":"cinde-en-el-foro-la-intervencion-en-las-comunidades-catalogadas-de-alto-riesgo","status":"publish","type":"post","link":"https:\/\/asociacioncinde.org\/en\/cinde-en-el-foro-la-intervencion-en-las-comunidades-catalogadas-de-alto-riesgo\/","title":{"rendered":"CINDE EN EL FORO: LA INTERVENCI\u00d3N EN LAS COMUNIDADES CATALOGADAS DE \u201cALTO RIESGO\u201d"},"content":{"rendered":"<style type=\"text\/css\"><\/style><p>Entendiendo la intervenci\u00f3n psicosocial y comunitaria como herramienta para la transformaci\u00f3n y construcci\u00f3n colaborativa de sociedades m\u00e1s justas, y siendo conscientes del contexto de violencia y vulneraci\u00f3n de los derechos fundamentales de la poblaci\u00f3n salvadore\u00f1a en las comunidades, CINDE, Servicio Social Pasionista El Salvador (SSPAS), Fundaci\u00f3n Salvadore\u00f1a de Desarrollo y Vivienda M\u00ednima (FUNDASAL), Movimiento Estudiantil de Ciencias y Humanidad (MECH), DESPERTARES e INSTINTO DE VIDA organizaron de manera conjunta, en el marco del proyecto Manos Unidas, el foro: <em>\u201c\u00bfC\u00f3mo trabajar en zonas catalogadas de \u201calto riesgo\u201d? La intervenci\u00f3n en comunidades de la zona Montreal de Mejicanos: retos y resultados.\u201d<\/em><\/p>\n<p>El panel, moderado por Carlos Mart\u00ednez (periodista de El Faro), estuvo formado por In\u00e9s Vallet (CINDE), Jes\u00fas Artiga (MECH), Padre Carlos San Mart\u00edn (SSPAS) y Claudia Blanco (FUNDASAL).<\/p>\n<p>Este foro ten\u00eda como objetivos eliminar el estigma del trabajo de intervenci\u00f3n en zonas catalogadas de \u201calto riesgo\u201d, fomentar el intercambio y discusi\u00f3n sobre pr\u00e1cticas de intervenci\u00f3n comunitaria, consolidar redes de apoyo entre organizaciones, actores locales, profesionales y la universidad, y visibilizar la ausencia del ejercicio de los derechos humanos en estas comunidades como consecuencia de la violencia.<\/p>\n<p>Con un auditorio abarrotado, el foro permiti\u00f3 crear un espacio de reflexi\u00f3n y an\u00e1lisis honesto, transparente y aut\u00e9ntico sobre la situaci\u00f3n de las comunidades y las diferentes estrategias, fallidas o certeras, tanto propias como ajenas, de intervenci\u00f3n.<\/p>\n<p>La aportaci\u00f3n de CINDE al foro ha sido muy valiosa ya que desde 2009 realiza intervenci\u00f3n comunitaria. Hasta el a\u00f1o pasado (2016), colabor\u00e1bamos en m\u00e1s de 25 comunidades de los municipios de Mejicanos y Soyapango creando espacios libres de violencia, sensibilizando a padres, madres y docentes sobre el potencial del arte en el desarrollo de las personas, fortaleciendo a los actores locales y fomentando una cultura de paz a trav\u00e9s de las expresiones art\u00edsticas entre los j\u00f3venes. En 2017, y durante los pr\u00f3ximos 3 a\u00f1os, gracias al apoyo de nuevos financiadores estaremos replicando las buenas pr\u00e1cticas y experiencias en dos municipios m\u00e1s: Ayutuxtepeque y Ciudad Delgado, atendiendo a m\u00e1s de 2300 personas entre ni\u00f1os, j\u00f3venes y adultos.<\/p>\n","protected":false},"excerpt":{"rendered":"<p>Entendiendo la intervenci\u00f3n psicosocial y comunitaria como herramienta para la transformaci\u00f3n y construcci\u00f3n colaborativa de sociedades m\u00e1s justas, y siendo conscientes del contexto de violencia y vulneraci\u00f3n de los derechos fundamentales de la poblaci\u00f3n salvadore\u00f1a en las comunidades, CINDE, Servicio Social Pasionista El Salvador (SSPAS), Fundaci\u00f3n Salvadore\u00f1a de Desarrollo y Vivienda M\u00ednima (FUNDASAL), Movimiento Estudiantil&#8230;<\/p>\n","protected":false},"author":1,"featured_media":13439,"comment_status":"open","ping_status":"open","sticky":false,"template":"","format":"image","meta":{"footnotes":""},"categories":[63],"tags":[],"class_list":["post-536","post","type-post","status-publish","format-image","has-post-thumbnail","hentry","category-otros","post_format-post-format-image"],"yoast_head":"<!-- This site is optimized with the Yoast SEO plugin v26.4 - https:\/\/yoast.com\/wordpress\/plugins\/seo\/ -->\n<title>CINDE EN EL FORO: LA INTERVENCI\u00d3N EN LAS COMUNIDADES CATALOGADAS DE \u201cALTO RIESGO\u201d - ASOCIACI\u00d3N CINDE<\/title>\n<meta name=\"robots\" content=\"index, follow, max-snippet:-1, max-image-preview:large, max-video-preview:-1\" \/>\n<link rel=\"canonical\" href=\"https:\/\/asociacioncinde.org\/en\/cinde-en-el-foro-la-intervencion-en-las-comunidades-catalogadas-de-alto-riesgo\/\" \/>\n<meta property=\"og:locale\" content=\"es_ES\" \/>\n<meta property=\"og:type\" content=\"article\" \/>\n<meta property=\"og:title\" content=\"CINDE EN EL FORO: LA INTERVENCI\u00d3N EN LAS COMUNIDADES CATALOGADAS DE \u201cALTO RIESGO\u201d - ASOCIACI\u00d3N CINDE\" \/>\n<meta property=\"og:description\" content=\"Entendiendo la intervenci\u00f3n psicosocial y comunitaria como herramienta para la transformaci\u00f3n y construcci\u00f3n colaborativa de sociedades m\u00e1s justas, y siendo conscientes del contexto de violencia y vulneraci\u00f3n de los derechos fundamentales de la poblaci\u00f3n salvadore\u00f1a en las comunidades, CINDE, Servicio Social Pasionista El Salvador (SSPAS), Fundaci\u00f3n Salvadore\u00f1a de Desarrollo y Vivienda M\u00ednima (FUNDASAL), Movimiento Estudiantil...\" \/>\n<meta property=\"og:url\" content=\"https:\/\/asociacioncinde.org\/en\/cinde-en-el-foro-la-intervencion-en-las-comunidades-catalogadas-de-alto-riesgo\/\" \/>\n<meta property=\"og:site_name\" content=\"ASOCIACI\u00d3N CINDE\" \/>\n<meta property=\"article:published_time\" content=\"2017-09-03T08:45:50+00:00\" \/>\n<meta property=\"article:modified_time\" content=\"2019-05-28T14:38:55+00:00\" \/>\n<meta property=\"og:image\" content=\"https:\/\/asociacioncinde.org\/en\/wp-content\/uploads\/2017\/09\/fotoblog.jpg\" \/>\n\t<meta property=\"og:image:width\" content=\"960\" \/>\n\t<meta property=\"og:image:height\" content=\"541\" \/>\n\t<meta property=\"og:image:type\" content=\"image\/jpeg\" \/>\n<meta name=\"author\" content=\"admin\" \/>\n<meta name=\"twitter:card\" content=\"summary_large_image\" \/>\n<meta name=\"twitter:label1\" content=\"Escrito por\" \/>\n\t<meta name=\"twitter:data1\" content=\"admin\" \/>\n\t<meta name=\"twitter:label2\" content=\"Tiempo de lectura\" \/>\n\t<meta name=\"twitter:data2\" content=\"2 minutos\" \/>\n<script type=\"application\/ld+json\" class=\"yoast-schema-graph\">{\"@context\":\"https:\/\/schema.org\",\"@graph\":[{\"@type\":\"WebPage\",\"@id\":\"https:\/\/asociacioncinde.org\/en\/cinde-en-el-foro-la-intervencion-en-las-comunidades-catalogadas-de-alto-riesgo\/\",\"url\":\"https:\/\/asociacioncinde.org\/en\/cinde-en-el-foro-la-intervencion-en-las-comunidades-catalogadas-de-alto-riesgo\/\",\"name\":\"CINDE EN EL FORO: LA INTERVENCI\u00d3N EN LAS COMUNIDADES CATALOGADAS DE \u201cALTO RIESGO\u201d - ASOCIACI\u00d3N CINDE\",\"isPartOf\":{\"@id\":\"https:\/\/asociacioncinde.org\/en\/#website\"},\"primaryImageOfPage\":{\"@id\":\"https:\/\/asociacioncinde.org\/en\/cinde-en-el-foro-la-intervencion-en-las-comunidades-catalogadas-de-alto-riesgo\/#primaryimage\"},\"image\":{\"@id\":\"https:\/\/asociacioncinde.org\/en\/cinde-en-el-foro-la-intervencion-en-las-comunidades-catalogadas-de-alto-riesgo\/#primaryimage\"},\"thumbnailUrl\":\"https:\/\/asociacioncinde.org\/en\/wp-content\/uploads\/2017\/09\/fotoblog.jpg\",\"datePublished\":\"2017-09-03T08:45:50+00:00\",\"dateModified\":\"2019-05-28T14:38:55+00:00\",\"author\":{\"@id\":\"https:\/\/asociacioncinde.org\/en\/#\/schema\/person\/8029c0b0740569a74b4acd97c5a02eb0\"},\"breadcrumb\":{\"@id\":\"https:\/\/asociacioncinde.org\/en\/cinde-en-el-foro-la-intervencion-en-las-comunidades-catalogadas-de-alto-riesgo\/#breadcrumb\"},\"inLanguage\":\"es\",\"potentialAction\":[{\"@type\":\"ReadAction\",\"target\":[\"https:\/\/asociacioncinde.org\/en\/cinde-en-el-foro-la-intervencion-en-las-comunidades-catalogadas-de-alto-riesgo\/\"]}]},{\"@type\":\"ImageObject\",\"inLanguage\":\"es\",\"@id\":\"https:\/\/asociacioncinde.org\/en\/cinde-en-el-foro-la-intervencion-en-las-comunidades-catalogadas-de-alto-riesgo\/#primaryimage\",\"url\":\"https:\/\/asociacioncinde.org\/en\/wp-content\/uploads\/2017\/09\/fotoblog.jpg\",\"contentUrl\":\"https:\/\/asociacioncinde.org\/en\/wp-content\/uploads\/2017\/09\/fotoblog.jpg\",\"width\":960,\"height\":541},{\"@type\":\"BreadcrumbList\",\"@id\":\"https:\/\/asociacioncinde.org\/en\/cinde-en-el-foro-la-intervencion-en-las-comunidades-catalogadas-de-alto-riesgo\/#breadcrumb\",\"itemListElement\":[{\"@type\":\"ListItem\",\"position\":1,\"name\":\"Home\",\"item\":\"https:\/\/asociacioncinde.org\/en\/\"},{\"@type\":\"ListItem\",\"position\":2,\"name\":\"CINDE EN EL FORO: LA INTERVENCI\u00d3N EN LAS COMUNIDADES CATALOGADAS DE \u201cALTO RIESGO\u201d\"}]},{\"@type\":\"WebSite\",\"@id\":\"https:\/\/asociacioncinde.org\/en\/#website\",\"url\":\"https:\/\/asociacioncinde.org\/en\/\",\"name\":\"ASOCIACI\u00d3N CINDE\",\"description\":\"El Salvador\",\"potentialAction\":[{\"@type\":\"SearchAction\",\"target\":{\"@type\":\"EntryPoint\",\"urlTemplate\":\"https:\/\/asociacioncinde.org\/en\/?s={search_term_string}\"},\"query-input\":{\"@type\":\"PropertyValueSpecification\",\"valueRequired\":true,\"valueName\":\"search_term_string\"}}],\"inLanguage\":\"es\"},{\"@type\":\"Person\",\"@id\":\"https:\/\/asociacioncinde.org\/en\/#\/schema\/person\/8029c0b0740569a74b4acd97c5a02eb0\",\"name\":\"admin\",\"url\":\"https:\/\/asociacioncinde.org\/en\/author\/admin\/\"}]}<\/script>\n<!-- \/ Yoast SEO plugin. -->","yoast_head_json":{"title":"CINDE EN EL FORO: LA INTERVENCI\u00d3N EN LAS COMUNIDADES CATALOGADAS DE \u201cALTO RIESGO\u201d - ASOCIACI\u00d3N CINDE","robots":{"index":"index","follow":"follow","max-snippet":"max-snippet:-1","max-image-preview":"max-image-preview:large","max-video-preview":"max-video-preview:-1"},"canonical":"https:\/\/asociacioncinde.org\/en\/cinde-en-el-foro-la-intervencion-en-las-comunidades-catalogadas-de-alto-riesgo\/","og_locale":"es_ES","og_type":"article","og_title":"CINDE EN EL FORO: LA INTERVENCI\u00d3N EN LAS COMUNIDADES CATALOGADAS DE \u201cALTO RIESGO\u201d - ASOCIACI\u00d3N CINDE","og_description":"Entendiendo la intervenci\u00f3n psicosocial y comunitaria como herramienta para la transformaci\u00f3n y construcci\u00f3n colaborativa de sociedades m\u00e1s justas, y siendo conscientes del contexto de violencia y vulneraci\u00f3n de los derechos fundamentales de la poblaci\u00f3n salvadore\u00f1a en las comunidades, CINDE, Servicio Social Pasionista El Salvador (SSPAS), Fundaci\u00f3n Salvadore\u00f1a de Desarrollo y Vivienda M\u00ednima (FUNDASAL), Movimiento Estudiantil...","og_url":"https:\/\/asociacioncinde.org\/en\/cinde-en-el-foro-la-intervencion-en-las-comunidades-catalogadas-de-alto-riesgo\/","og_site_name":"ASOCIACI\u00d3N CINDE","article_published_time":"2017-09-03T08:45:50+00:00","article_modified_time":"2019-05-28T14:38:55+00:00","og_image":[{"width":960,"height":541,"url":"https:\/\/asociacioncinde.org\/en\/wp-content\/uploads\/2017\/09\/fotoblog.jpg","type":"image\/jpeg"}],"author":"admin","twitter_card":"summary_large_image","twitter_misc":{"Escrito por":"admin","Tiempo de lectura":"2 minutos"},"schema":{"@context":"https:\/\/schema.org","@graph":[{"@type":"WebPage","@id":"https:\/\/asociacioncinde.org\/en\/cinde-en-el-foro-la-intervencion-en-las-comunidades-catalogadas-de-alto-riesgo\/","url":"https:\/\/asociacioncinde.org\/en\/cinde-en-el-foro-la-intervencion-en-las-comunidades-catalogadas-de-alto-riesgo\/","name":"CINDE EN EL FORO: LA INTERVENCI\u00d3N EN LAS COMUNIDADES CATALOGADAS DE \u201cALTO RIESGO\u201d - ASOCIACI\u00d3N CINDE","isPartOf":{"@id":"https:\/\/asociacioncinde.org\/en\/#website"},"primaryImageOfPage":{"@id":"https:\/\/asociacioncinde.org\/en\/cinde-en-el-foro-la-intervencion-en-las-comunidades-catalogadas-de-alto-riesgo\/#primaryimage"},"image":{"@id":"https:\/\/asociacioncinde.org\/en\/cinde-en-el-foro-la-intervencion-en-las-comunidades-catalogadas-de-alto-riesgo\/#primaryimage"},"thumbnailUrl":"https:\/\/asociacioncinde.org\/en\/wp-content\/uploads\/2017\/09\/fotoblog.jpg","datePublished":"2017-09-03T08:45:50+00:00","dateModified":"2019-05-28T14:38:55+00:00","author":{"@id":"https:\/\/asociacioncinde.org\/en\/#\/schema\/person\/8029c0b0740569a74b4acd97c5a02eb0"},"breadcrumb":{"@id":"https:\/\/asociacioncinde.org\/en\/cinde-en-el-foro-la-intervencion-en-las-comunidades-catalogadas-de-alto-riesgo\/#breadcrumb"},"inLanguage":"es","potentialAction":[{"@type":"ReadAction","target":["https:\/\/asociacioncinde.org\/en\/cinde-en-el-foro-la-intervencion-en-las-comunidades-catalogadas-de-alto-riesgo\/"]}]},{"@type":"ImageObject","inLanguage":"es","@id":"https:\/\/asociacioncinde.org\/en\/cinde-en-el-foro-la-intervencion-en-las-comunidades-catalogadas-de-alto-riesgo\/#primaryimage","url":"https:\/\/asociacioncinde.org\/en\/wp-content\/uploads\/2017\/09\/fotoblog.jpg","contentUrl":"https:\/\/asociacioncinde.org\/en\/wp-content\/uploads\/2017\/09\/fotoblog.jpg","width":960,"height":541},{"@type":"BreadcrumbList","@id":"https:\/\/asociacioncinde.org\/en\/cinde-en-el-foro-la-intervencion-en-las-comunidades-catalogadas-de-alto-riesgo\/#breadcrumb","itemListElement":[{"@type":"ListItem","position":1,"name":"Home","item":"https:\/\/asociacioncinde.org\/en\/"},{"@type":"ListItem","position":2,"name":"CINDE EN EL FORO: LA INTERVENCI\u00d3N EN LAS COMUNIDADES CATALOGADAS DE \u201cALTO RIESGO\u201d"}]},{"@type":"WebSite","@id":"https:\/\/asociacioncinde.org\/en\/#website","url":"https:\/\/asociacioncinde.org\/en\/","name":"ASOCIACI\u00d3N CINDE","description":"El Salvador","potentialAction":[{"@type":"SearchAction","target":{"@type":"EntryPoint","urlTemplate":"https:\/\/asociacioncinde.org\/en\/?s={search_term_string}"},"query-input":{"@type":"PropertyValueSpecification","valueRequired":true,"valueName":"search_term_string"}}],"inLanguage":"es"},{"@type":"Person","@id":"https:\/\/asociacioncinde.org\/en\/#\/schema\/person\/8029c0b0740569a74b4acd97c5a02eb0","name":"admin","url":"https:\/\/asociacioncinde.org\/en\/author\/admin\/"}]}},"_links":{"self":[{"href":"https:\/\/asociacioncinde.org\/en\/wp-json\/wp\/v2\/posts\/536","targetHints":{"allow":["GET"]}}],"collection":[{"href":"https:\/\/asociacioncinde.org\/en\/wp-json\/wp\/v2\/posts"}],"about":[{"href":"https:\/\/asociacioncinde.org\/en\/wp-json\/wp\/v2\/types\/post"}],"author":[{"embeddable":true,"href":"https:\/\/asociacioncinde.org\/en\/wp-json\/wp\/v2\/users\/1"}],"replies":[{"embeddable":true,"href":"https:\/\/asociacioncinde.org\/en\/wp-json\/wp\/v2\/comments?post=536"}],"version-history":[{"count":1,"href":"https:\/\/asociacioncinde.org\/en\/wp-json\/wp\/v2\/posts\/536\/revisions"}],"predecessor-version":[{"id":13440,"href":"https:\/\/asociacioncinde.org\/en\/wp-json\/wp\/v2\/posts\/536\/revisions\/13440"}],"wp:featuredmedia":[{"embeddable":true,"href":"https:\/\/asociacioncinde.org\/en\/wp-json\/wp\/v2\/media\/13439"}],"wp:attachment":[{"href":"https:\/\/asociacioncinde.org\/en\/wp-json\/wp\/v2\/media?parent=536"}],"wp:term":[{"taxonomy":"category","embeddable":true,"href":"https:\/\/asociacioncinde.org\/en\/wp-json\/wp\/v2\/categories?post=536"},{"taxonomy":"post_tag","embeddable":true,"href":"https:\/\/asociacioncinde.org\/en\/wp-json\/wp\/v2\/tags?post=536"}],"curies":[{"name":"wp","href":"https:\/\/api.w.org\/{rel}","templated":true}]}}