{"id":543,"date":"2017-10-11T13:18:25","date_gmt":"2017-10-11T13:18:25","guid":{"rendered":"http:\/\/asociacioncinde.org\/?p=543"},"modified":"2019-05-28T14:37:20","modified_gmt":"2019-05-28T14:37:20","slug":"porque-sabemos-que-las-imagenes-valen-mas-que-mil-palabras-cinde-ha-preparado-este-video-para-ustedes","status":"publish","type":"post","link":"https:\/\/asociacioncinde.org\/en\/porque-sabemos-que-las-imagenes-valen-mas-que-mil-palabras-cinde-ha-preparado-este-video-para-ustedes\/","title":{"rendered":"PORQUE SABEMOS QUE LAS IM\u00c1GENES VALEN M\u00c1S QUE MIL PALABRAS, CINDE HA PREPARADO ESTE VIDEO PARA USTEDES"},"content":{"rendered":"<style type=\"text\/css\"><\/style><p>Adem\u00e1s de informarles acerca del progreso de los proyectos y programas de CINDE en El Salvador, tambi\u00e9n queremos que lo vean. Es por ello que CINDE, en el marco del proyecto de Manos Unidas, ha realizado este video.<\/p>\n<p>Las im\u00e1genes nos muestran el gran impacto que tienen los programas de atenci\u00f3n a la ni\u00f1ez, a trav\u00e9s de los Centros Infantiles de Desarrollo; su continuaci\u00f3n en el programa de Refuerzo Educativo, dirigido a ni\u00f1os y adolescentes; la importancia de la implicaci\u00f3n de los padres en estos programas, a trav\u00e9s de la Escuela de Madres y Padres; y el fortalecimiento del tejido comunitario mediante la Intervenci\u00f3n Comunitaria, a trav\u00e9s de talleres l\u00fadicos, art\u00edsticos y educativos que se llevan a cabo, actualmente, en m\u00e1s de 25 comunidades.<br \/>\nDesde 1989, CINDE no ha parado de trabajar y lo seguiremos haciendo para mejorar las condiciones de vida de m\u00e1s familias salvadore\u00f1as.<\/p>\n<p>Gracias por apoyar nuestra labor. Esperamos que les guste el video y que lo compartan.<\/p>\n<p><a href=\"https:\/\/www.youtube.com\/watch?v=T4ZoBcC1kLE&amp;feature=youtu.be\"><img loading=\"lazy\" decoding=\"async\" class=\"alignnone size-full wp-image-544\" src=\"http:\/\/asociacioncinde.org\/wp-content\/uploads\/2017\/10\/V\u00eddeo-Manos-Unidas-1024x580.png\" alt=\"V\u00eddeo-Manos-Unidas-1024x580\" width=\"1024\" height=\"580\" \/><\/a><\/p>\n","protected":false},"excerpt":{"rendered":"<p>Adem\u00e1s de informarles acerca del progreso de los proyectos y programas de CINDE en El Salvador, tambi\u00e9n queremos que lo vean. Es por ello que CINDE, en el marco del proyecto de Manos Unidas, ha realizado este video. Las im\u00e1genes nos muestran el gran impacto que tienen los programas de atenci\u00f3n a la ni\u00f1ez, a&#8230;<\/p>\n","protected":false},"author":1,"featured_media":13437,"comment_status":"open","ping_status":"open","sticky":false,"template":"","format":"image","meta":{"footnotes":""},"categories":[63],"tags":[],"class_list":["post-543","post","type-post","status-publish","format-image","has-post-thumbnail","hentry","category-otros","post_format-post-format-image"],"yoast_head":"<!-- This site is optimized with the Yoast SEO plugin v26.4 - https:\/\/yoast.com\/wordpress\/plugins\/seo\/ -->\n<title>PORQUE SABEMOS QUE LAS IM\u00c1GENES VALEN M\u00c1S QUE MIL PALABRAS, CINDE HA PREPARADO ESTE VIDEO PARA USTEDES - ASOCIACI\u00d3N CINDE<\/title>\n<meta name=\"robots\" content=\"index, follow, max-snippet:-1, max-image-preview:large, max-video-preview:-1\" \/>\n<link rel=\"canonical\" href=\"https:\/\/asociacioncinde.org\/en\/porque-sabemos-que-las-imagenes-valen-mas-que-mil-palabras-cinde-ha-preparado-este-video-para-ustedes\/\" \/>\n<meta property=\"og:locale\" content=\"es_ES\" \/>\n<meta property=\"og:type\" content=\"article\" \/>\n<meta property=\"og:title\" content=\"PORQUE SABEMOS QUE LAS IM\u00c1GENES VALEN M\u00c1S QUE MIL PALABRAS, CINDE HA PREPARADO ESTE VIDEO PARA USTEDES - ASOCIACI\u00d3N CINDE\" \/>\n<meta property=\"og:description\" content=\"Adem\u00e1s de informarles acerca del progreso de los proyectos y programas de CINDE en El Salvador, tambi\u00e9n queremos que lo vean. Es por ello que CINDE, en el marco del proyecto de Manos Unidas, ha realizado este video. Las im\u00e1genes nos muestran el gran impacto que tienen los programas de atenci\u00f3n a la ni\u00f1ez, a...\" \/>\n<meta property=\"og:url\" content=\"https:\/\/asociacioncinde.org\/en\/porque-sabemos-que-las-imagenes-valen-mas-que-mil-palabras-cinde-ha-preparado-este-video-para-ustedes\/\" \/>\n<meta property=\"og:site_name\" content=\"ASOCIACI\u00d3N CINDE\" \/>\n<meta property=\"article:published_time\" content=\"2017-10-11T13:18:25+00:00\" \/>\n<meta property=\"article:modified_time\" content=\"2019-05-28T14:37:20+00:00\" \/>\n<meta property=\"og:image\" content=\"https:\/\/asociacioncinde.org\/en\/wp-content\/uploads\/2017\/10\/3aa84b22-6f42-455c-a4e1-84e88b827398.jpg\" \/>\n\t<meta property=\"og:image:width\" content=\"1280\" \/>\n\t<meta property=\"og:image:height\" content=\"720\" \/>\n\t<meta property=\"og:image:type\" content=\"image\/jpeg\" \/>\n<meta name=\"author\" content=\"admin\" \/>\n<meta name=\"twitter:card\" content=\"summary_large_image\" \/>\n<meta name=\"twitter:label1\" content=\"Escrito por\" \/>\n\t<meta name=\"twitter:data1\" content=\"admin\" \/>\n\t<meta name=\"twitter:label2\" content=\"Tiempo de lectura\" \/>\n\t<meta name=\"twitter:data2\" content=\"1 minuto\" \/>\n<script type=\"application\/ld+json\" class=\"yoast-schema-graph\">{\"@context\":\"https:\/\/schema.org\",\"@graph\":[{\"@type\":\"WebPage\",\"@id\":\"https:\/\/asociacioncinde.org\/en\/porque-sabemos-que-las-imagenes-valen-mas-que-mil-palabras-cinde-ha-preparado-este-video-para-ustedes\/\",\"url\":\"https:\/\/asociacioncinde.org\/en\/porque-sabemos-que-las-imagenes-valen-mas-que-mil-palabras-cinde-ha-preparado-este-video-para-ustedes\/\",\"name\":\"PORQUE SABEMOS QUE LAS IM\u00c1GENES VALEN M\u00c1S QUE MIL PALABRAS, CINDE HA PREPARADO ESTE VIDEO PARA USTEDES - ASOCIACI\u00d3N CINDE\",\"isPartOf\":{\"@id\":\"https:\/\/asociacioncinde.org\/en\/#website\"},\"primaryImageOfPage\":{\"@id\":\"https:\/\/asociacioncinde.org\/en\/porque-sabemos-que-las-imagenes-valen-mas-que-mil-palabras-cinde-ha-preparado-este-video-para-ustedes\/#primaryimage\"},\"image\":{\"@id\":\"https:\/\/asociacioncinde.org\/en\/porque-sabemos-que-las-imagenes-valen-mas-que-mil-palabras-cinde-ha-preparado-este-video-para-ustedes\/#primaryimage\"},\"thumbnailUrl\":\"https:\/\/asociacioncinde.org\/en\/wp-content\/uploads\/2017\/10\/3aa84b22-6f42-455c-a4e1-84e88b827398.jpg\",\"datePublished\":\"2017-10-11T13:18:25+00:00\",\"dateModified\":\"2019-05-28T14:37:20+00:00\",\"author\":{\"@id\":\"https:\/\/asociacioncinde.org\/en\/#\/schema\/person\/8029c0b0740569a74b4acd97c5a02eb0\"},\"breadcrumb\":{\"@id\":\"https:\/\/asociacioncinde.org\/en\/porque-sabemos-que-las-imagenes-valen-mas-que-mil-palabras-cinde-ha-preparado-este-video-para-ustedes\/#breadcrumb\"},\"inLanguage\":\"es\",\"potentialAction\":[{\"@type\":\"ReadAction\",\"target\":[\"https:\/\/asociacioncinde.org\/en\/porque-sabemos-que-las-imagenes-valen-mas-que-mil-palabras-cinde-ha-preparado-este-video-para-ustedes\/\"]}]},{\"@type\":\"ImageObject\",\"inLanguage\":\"es\",\"@id\":\"https:\/\/asociacioncinde.org\/en\/porque-sabemos-que-las-imagenes-valen-mas-que-mil-palabras-cinde-ha-preparado-este-video-para-ustedes\/#primaryimage\",\"url\":\"https:\/\/asociacioncinde.org\/en\/wp-content\/uploads\/2017\/10\/3aa84b22-6f42-455c-a4e1-84e88b827398.jpg\",\"contentUrl\":\"https:\/\/asociacioncinde.org\/en\/wp-content\/uploads\/2017\/10\/3aa84b22-6f42-455c-a4e1-84e88b827398.jpg\",\"width\":1280,\"height\":720},{\"@type\":\"BreadcrumbList\",\"@id\":\"https:\/\/asociacioncinde.org\/en\/porque-sabemos-que-las-imagenes-valen-mas-que-mil-palabras-cinde-ha-preparado-este-video-para-ustedes\/#breadcrumb\",\"itemListElement\":[{\"@type\":\"ListItem\",\"position\":1,\"name\":\"Home\",\"item\":\"https:\/\/asociacioncinde.org\/en\/\"},{\"@type\":\"ListItem\",\"position\":2,\"name\":\"PORQUE SABEMOS QUE LAS IM\u00c1GENES VALEN M\u00c1S QUE MIL PALABRAS, CINDE HA PREPARADO ESTE VIDEO PARA USTEDES\"}]},{\"@type\":\"WebSite\",\"@id\":\"https:\/\/asociacioncinde.org\/en\/#website\",\"url\":\"https:\/\/asociacioncinde.org\/en\/\",\"name\":\"ASOCIACI\u00d3N CINDE\",\"description\":\"El Salvador\",\"potentialAction\":[{\"@type\":\"SearchAction\",\"target\":{\"@type\":\"EntryPoint\",\"urlTemplate\":\"https:\/\/asociacioncinde.org\/en\/?s={search_term_string}\"},\"query-input\":{\"@type\":\"PropertyValueSpecification\",\"valueRequired\":true,\"valueName\":\"search_term_string\"}}],\"inLanguage\":\"es\"},{\"@type\":\"Person\",\"@id\":\"https:\/\/asociacioncinde.org\/en\/#\/schema\/person\/8029c0b0740569a74b4acd97c5a02eb0\",\"name\":\"admin\",\"url\":\"https:\/\/asociacioncinde.org\/en\/author\/admin\/\"}]}<\/script>\n<!-- \/ Yoast SEO plugin. -->","yoast_head_json":{"title":"PORQUE SABEMOS QUE LAS IM\u00c1GENES VALEN M\u00c1S QUE MIL PALABRAS, CINDE HA PREPARADO ESTE VIDEO PARA USTEDES - ASOCIACI\u00d3N CINDE","robots":{"index":"index","follow":"follow","max-snippet":"max-snippet:-1","max-image-preview":"max-image-preview:large","max-video-preview":"max-video-preview:-1"},"canonical":"https:\/\/asociacioncinde.org\/en\/porque-sabemos-que-las-imagenes-valen-mas-que-mil-palabras-cinde-ha-preparado-este-video-para-ustedes\/","og_locale":"es_ES","og_type":"article","og_title":"PORQUE SABEMOS QUE LAS IM\u00c1GENES VALEN M\u00c1S QUE MIL PALABRAS, CINDE HA PREPARADO ESTE VIDEO PARA USTEDES - ASOCIACI\u00d3N CINDE","og_description":"Adem\u00e1s de informarles acerca del progreso de los proyectos y programas de CINDE en El Salvador, tambi\u00e9n queremos que lo vean. Es por ello que CINDE, en el marco del proyecto de Manos Unidas, ha realizado este video. Las im\u00e1genes nos muestran el gran impacto que tienen los programas de atenci\u00f3n a la ni\u00f1ez, a...","og_url":"https:\/\/asociacioncinde.org\/en\/porque-sabemos-que-las-imagenes-valen-mas-que-mil-palabras-cinde-ha-preparado-este-video-para-ustedes\/","og_site_name":"ASOCIACI\u00d3N CINDE","article_published_time":"2017-10-11T13:18:25+00:00","article_modified_time":"2019-05-28T14:37:20+00:00","og_image":[{"width":1280,"height":720,"url":"https:\/\/asociacioncinde.org\/en\/wp-content\/uploads\/2017\/10\/3aa84b22-6f42-455c-a4e1-84e88b827398.jpg","type":"image\/jpeg"}],"author":"admin","twitter_card":"summary_large_image","twitter_misc":{"Escrito por":"admin","Tiempo de lectura":"1 minuto"},"schema":{"@context":"https:\/\/schema.org","@graph":[{"@type":"WebPage","@id":"https:\/\/asociacioncinde.org\/en\/porque-sabemos-que-las-imagenes-valen-mas-que-mil-palabras-cinde-ha-preparado-este-video-para-ustedes\/","url":"https:\/\/asociacioncinde.org\/en\/porque-sabemos-que-las-imagenes-valen-mas-que-mil-palabras-cinde-ha-preparado-este-video-para-ustedes\/","name":"PORQUE SABEMOS QUE LAS IM\u00c1GENES VALEN M\u00c1S QUE MIL PALABRAS, CINDE HA PREPARADO ESTE VIDEO PARA USTEDES - ASOCIACI\u00d3N CINDE","isPartOf":{"@id":"https:\/\/asociacioncinde.org\/en\/#website"},"primaryImageOfPage":{"@id":"https:\/\/asociacioncinde.org\/en\/porque-sabemos-que-las-imagenes-valen-mas-que-mil-palabras-cinde-ha-preparado-este-video-para-ustedes\/#primaryimage"},"image":{"@id":"https:\/\/asociacioncinde.org\/en\/porque-sabemos-que-las-imagenes-valen-mas-que-mil-palabras-cinde-ha-preparado-este-video-para-ustedes\/#primaryimage"},"thumbnailUrl":"https:\/\/asociacioncinde.org\/en\/wp-content\/uploads\/2017\/10\/3aa84b22-6f42-455c-a4e1-84e88b827398.jpg","datePublished":"2017-10-11T13:18:25+00:00","dateModified":"2019-05-28T14:37:20+00:00","author":{"@id":"https:\/\/asociacioncinde.org\/en\/#\/schema\/person\/8029c0b0740569a74b4acd97c5a02eb0"},"breadcrumb":{"@id":"https:\/\/asociacioncinde.org\/en\/porque-sabemos-que-las-imagenes-valen-mas-que-mil-palabras-cinde-ha-preparado-este-video-para-ustedes\/#breadcrumb"},"inLanguage":"es","potentialAction":[{"@type":"ReadAction","target":["https:\/\/asociacioncinde.org\/en\/porque-sabemos-que-las-imagenes-valen-mas-que-mil-palabras-cinde-ha-preparado-este-video-para-ustedes\/"]}]},{"@type":"ImageObject","inLanguage":"es","@id":"https:\/\/asociacioncinde.org\/en\/porque-sabemos-que-las-imagenes-valen-mas-que-mil-palabras-cinde-ha-preparado-este-video-para-ustedes\/#primaryimage","url":"https:\/\/asociacioncinde.org\/en\/wp-content\/uploads\/2017\/10\/3aa84b22-6f42-455c-a4e1-84e88b827398.jpg","contentUrl":"https:\/\/asociacioncinde.org\/en\/wp-content\/uploads\/2017\/10\/3aa84b22-6f42-455c-a4e1-84e88b827398.jpg","width":1280,"height":720},{"@type":"BreadcrumbList","@id":"https:\/\/asociacioncinde.org\/en\/porque-sabemos-que-las-imagenes-valen-mas-que-mil-palabras-cinde-ha-preparado-este-video-para-ustedes\/#breadcrumb","itemListElement":[{"@type":"ListItem","position":1,"name":"Home","item":"https:\/\/asociacioncinde.org\/en\/"},{"@type":"ListItem","position":2,"name":"PORQUE SABEMOS QUE LAS IM\u00c1GENES VALEN M\u00c1S QUE MIL PALABRAS, CINDE HA PREPARADO ESTE VIDEO PARA USTEDES"}]},{"@type":"WebSite","@id":"https:\/\/asociacioncinde.org\/en\/#website","url":"https:\/\/asociacioncinde.org\/en\/","name":"ASOCIACI\u00d3N CINDE","description":"El Salvador","potentialAction":[{"@type":"SearchAction","target":{"@type":"EntryPoint","urlTemplate":"https:\/\/asociacioncinde.org\/en\/?s={search_term_string}"},"query-input":{"@type":"PropertyValueSpecification","valueRequired":true,"valueName":"search_term_string"}}],"inLanguage":"es"},{"@type":"Person","@id":"https:\/\/asociacioncinde.org\/en\/#\/schema\/person\/8029c0b0740569a74b4acd97c5a02eb0","name":"admin","url":"https:\/\/asociacioncinde.org\/en\/author\/admin\/"}]}},"_links":{"self":[{"href":"https:\/\/asociacioncinde.org\/en\/wp-json\/wp\/v2\/posts\/543","targetHints":{"allow":["GET"]}}],"collection":[{"href":"https:\/\/asociacioncinde.org\/en\/wp-json\/wp\/v2\/posts"}],"about":[{"href":"https:\/\/asociacioncinde.org\/en\/wp-json\/wp\/v2\/types\/post"}],"author":[{"embeddable":true,"href":"https:\/\/asociacioncinde.org\/en\/wp-json\/wp\/v2\/users\/1"}],"replies":[{"embeddable":true,"href":"https:\/\/asociacioncinde.org\/en\/wp-json\/wp\/v2\/comments?post=543"}],"version-history":[{"count":1,"href":"https:\/\/asociacioncinde.org\/en\/wp-json\/wp\/v2\/posts\/543\/revisions"}],"predecessor-version":[{"id":13438,"href":"https:\/\/asociacioncinde.org\/en\/wp-json\/wp\/v2\/posts\/543\/revisions\/13438"}],"wp:featuredmedia":[{"embeddable":true,"href":"https:\/\/asociacioncinde.org\/en\/wp-json\/wp\/v2\/media\/13437"}],"wp:attachment":[{"href":"https:\/\/asociacioncinde.org\/en\/wp-json\/wp\/v2\/media?parent=543"}],"wp:term":[{"taxonomy":"category","embeddable":true,"href":"https:\/\/asociacioncinde.org\/en\/wp-json\/wp\/v2\/categories?post=543"},{"taxonomy":"post_tag","embeddable":true,"href":"https:\/\/asociacioncinde.org\/en\/wp-json\/wp\/v2\/tags?post=543"}],"curies":[{"name":"wp","href":"https:\/\/api.w.org\/{rel}","templated":true}]}}