{"id":596,"date":"2018-05-23T20:01:06","date_gmt":"2018-05-23T20:01:06","guid":{"rendered":"http:\/\/asociacioncinde.org\/?p=596"},"modified":"2019-05-27T21:29:18","modified_gmt":"2019-05-27T21:29:18","slug":"graduacion-alumnos-con-beca-de-estudio","status":"publish","type":"post","link":"https:\/\/asociacioncinde.org\/en\/graduacion-alumnos-con-beca-de-estudio\/","title":{"rendered":"GRADUACI\u00d3N ALUMNOS CON BECA DE ESTUDIO"},"content":{"rendered":"<style type=\"text\/css\"><\/style><p>Una de las mayores satisfacciones que nos dej\u00f3 abril fue la graduaci\u00f3n de tres de los j\u00f3venes del programa Becas de Estudio, quienes finalizaron sus estudios en una universidad privada en El Salvador con la m\u00e1xima calificaci\u00f3n acad\u00e9mica. Dos de ellos, adem\u00e1s, ya han conseguido un empleo digno.<\/p>\n<p>Este programa se inici\u00f3 en 2006 como tercera y \u00faltima etapa del proceso de formaci\u00f3n de la poblaci\u00f3n atendida en la Asociaci\u00f3n CINDE. Los j\u00f3venes que participan en el programa son ex alumnos CINDE que, una vez terminado el noveno grado, est\u00e1n motivados para continuar sus estudios. La beca para cada joven incluye el coste de la matr\u00edcula, cuotas de estudio, transporte y alg\u00fan material did\u00e1ctico o de papeler\u00eda.<\/p>\n<p>Uno de los requisitos para obtener y mantener la beca es que los becados colaboren en CINDE con \u201choras sociales\u201d durante cierto n\u00famero de d\u00edas a la semana. Los j\u00f3venes est\u00e1n supervisados y coordinados por una persona del equipo de CINDE, quien los acompa\u00f1a en todo el proceso, mantiene reuniones bimestrales con todo el grupo y reuniones individuales peri\u00f3dicas.<\/p>\n<p>Este proyecto ofrece a j\u00f3venes salvadore\u00f1os la oportunidad de formarse y mejorar as\u00ed sus condiciones de vida, las de sus familias y sus comunidades.<\/p>\n<p>\u00a1Felicidades a los tres reci\u00e9n graduados!<\/p>\n","protected":false},"excerpt":{"rendered":"<p>Una de las mayores satisfacciones que nos dej\u00f3 abril fue la graduaci\u00f3n de tres de los j\u00f3venes del programa Becas de Estudio, quienes finalizaron sus estudios en una universidad privada en El Salvador con la m\u00e1xima calificaci\u00f3n acad\u00e9mica. Dos de ellos, adem\u00e1s, ya han conseguido un empleo digno. Este programa se inici\u00f3 en 2006 como&#8230;<\/p>\n","protected":false},"author":1,"featured_media":13393,"comment_status":"open","ping_status":"open","sticky":false,"template":"","format":"image","meta":{"footnotes":""},"categories":[58],"tags":[],"class_list":["post-596","post","type-post","status-publish","format-image","has-post-thumbnail","hentry","category-proyectos","post_format-post-format-image"],"yoast_head":"<!-- This site is optimized with the Yoast SEO plugin v26.4 - https:\/\/yoast.com\/wordpress\/plugins\/seo\/ -->\n<title>GRADUACI\u00d3N ALUMNOS CON BECA DE ESTUDIO - ASOCIACI\u00d3N CINDE<\/title>\n<meta name=\"robots\" content=\"index, follow, max-snippet:-1, max-image-preview:large, max-video-preview:-1\" \/>\n<link rel=\"canonical\" href=\"https:\/\/asociacioncinde.org\/en\/graduacion-alumnos-con-beca-de-estudio\/\" \/>\n<meta property=\"og:locale\" content=\"es_ES\" \/>\n<meta property=\"og:type\" content=\"article\" \/>\n<meta property=\"og:title\" content=\"GRADUACI\u00d3N ALUMNOS CON BECA DE ESTUDIO - ASOCIACI\u00d3N CINDE\" \/>\n<meta property=\"og:description\" content=\"Una de las mayores satisfacciones que nos dej\u00f3 abril fue la graduaci\u00f3n de tres de los j\u00f3venes del programa Becas de Estudio, quienes finalizaron sus estudios en una universidad privada en El Salvador con la m\u00e1xima calificaci\u00f3n acad\u00e9mica. Dos de ellos, adem\u00e1s, ya han conseguido un empleo digno. Este programa se inici\u00f3 en 2006 como...\" \/>\n<meta property=\"og:url\" content=\"https:\/\/asociacioncinde.org\/en\/graduacion-alumnos-con-beca-de-estudio\/\" \/>\n<meta property=\"og:site_name\" content=\"ASOCIACI\u00d3N CINDE\" \/>\n<meta property=\"article:published_time\" content=\"2018-05-23T20:01:06+00:00\" \/>\n<meta property=\"article:modified_time\" content=\"2019-05-27T21:29:18+00:00\" \/>\n<meta property=\"og:image\" content=\"https:\/\/asociacioncinde.org\/en\/wp-content\/uploads\/2018\/05\/Graduados2blog.jpeg\" \/>\n\t<meta property=\"og:image:width\" content=\"959\" \/>\n\t<meta property=\"og:image:height\" content=\"728\" \/>\n\t<meta property=\"og:image:type\" content=\"image\/jpeg\" \/>\n<meta name=\"author\" content=\"admin\" \/>\n<meta name=\"twitter:card\" content=\"summary_large_image\" \/>\n<meta name=\"twitter:label1\" content=\"Escrito por\" \/>\n\t<meta name=\"twitter:data1\" content=\"admin\" \/>\n\t<meta name=\"twitter:label2\" content=\"Tiempo de lectura\" \/>\n\t<meta name=\"twitter:data2\" content=\"1 minuto\" \/>\n<script type=\"application\/ld+json\" class=\"yoast-schema-graph\">{\"@context\":\"https:\/\/schema.org\",\"@graph\":[{\"@type\":\"WebPage\",\"@id\":\"https:\/\/asociacioncinde.org\/en\/graduacion-alumnos-con-beca-de-estudio\/\",\"url\":\"https:\/\/asociacioncinde.org\/en\/graduacion-alumnos-con-beca-de-estudio\/\",\"name\":\"GRADUACI\u00d3N ALUMNOS CON BECA DE ESTUDIO - ASOCIACI\u00d3N CINDE\",\"isPartOf\":{\"@id\":\"https:\/\/asociacioncinde.org\/en\/#website\"},\"primaryImageOfPage\":{\"@id\":\"https:\/\/asociacioncinde.org\/en\/graduacion-alumnos-con-beca-de-estudio\/#primaryimage\"},\"image\":{\"@id\":\"https:\/\/asociacioncinde.org\/en\/graduacion-alumnos-con-beca-de-estudio\/#primaryimage\"},\"thumbnailUrl\":\"https:\/\/asociacioncinde.org\/en\/wp-content\/uploads\/2018\/05\/Graduados2blog.jpeg\",\"datePublished\":\"2018-05-23T20:01:06+00:00\",\"dateModified\":\"2019-05-27T21:29:18+00:00\",\"author\":{\"@id\":\"https:\/\/asociacioncinde.org\/en\/#\/schema\/person\/8029c0b0740569a74b4acd97c5a02eb0\"},\"breadcrumb\":{\"@id\":\"https:\/\/asociacioncinde.org\/en\/graduacion-alumnos-con-beca-de-estudio\/#breadcrumb\"},\"inLanguage\":\"es\",\"potentialAction\":[{\"@type\":\"ReadAction\",\"target\":[\"https:\/\/asociacioncinde.org\/en\/graduacion-alumnos-con-beca-de-estudio\/\"]}]},{\"@type\":\"ImageObject\",\"inLanguage\":\"es\",\"@id\":\"https:\/\/asociacioncinde.org\/en\/graduacion-alumnos-con-beca-de-estudio\/#primaryimage\",\"url\":\"https:\/\/asociacioncinde.org\/en\/wp-content\/uploads\/2018\/05\/Graduados2blog.jpeg\",\"contentUrl\":\"https:\/\/asociacioncinde.org\/en\/wp-content\/uploads\/2018\/05\/Graduados2blog.jpeg\",\"width\":959,\"height\":728},{\"@type\":\"BreadcrumbList\",\"@id\":\"https:\/\/asociacioncinde.org\/en\/graduacion-alumnos-con-beca-de-estudio\/#breadcrumb\",\"itemListElement\":[{\"@type\":\"ListItem\",\"position\":1,\"name\":\"Home\",\"item\":\"https:\/\/asociacioncinde.org\/en\/\"},{\"@type\":\"ListItem\",\"position\":2,\"name\":\"GRADUACI\u00d3N ALUMNOS CON BECA DE ESTUDIO\"}]},{\"@type\":\"WebSite\",\"@id\":\"https:\/\/asociacioncinde.org\/en\/#website\",\"url\":\"https:\/\/asociacioncinde.org\/en\/\",\"name\":\"ASOCIACI\u00d3N CINDE\",\"description\":\"El Salvador\",\"potentialAction\":[{\"@type\":\"SearchAction\",\"target\":{\"@type\":\"EntryPoint\",\"urlTemplate\":\"https:\/\/asociacioncinde.org\/en\/?s={search_term_string}\"},\"query-input\":{\"@type\":\"PropertyValueSpecification\",\"valueRequired\":true,\"valueName\":\"search_term_string\"}}],\"inLanguage\":\"es\"},{\"@type\":\"Person\",\"@id\":\"https:\/\/asociacioncinde.org\/en\/#\/schema\/person\/8029c0b0740569a74b4acd97c5a02eb0\",\"name\":\"admin\",\"url\":\"https:\/\/asociacioncinde.org\/en\/author\/admin\/\"}]}<\/script>\n<!-- \/ Yoast SEO plugin. -->","yoast_head_json":{"title":"GRADUACI\u00d3N ALUMNOS CON BECA DE ESTUDIO - ASOCIACI\u00d3N CINDE","robots":{"index":"index","follow":"follow","max-snippet":"max-snippet:-1","max-image-preview":"max-image-preview:large","max-video-preview":"max-video-preview:-1"},"canonical":"https:\/\/asociacioncinde.org\/en\/graduacion-alumnos-con-beca-de-estudio\/","og_locale":"es_ES","og_type":"article","og_title":"GRADUACI\u00d3N ALUMNOS CON BECA DE ESTUDIO - ASOCIACI\u00d3N CINDE","og_description":"Una de las mayores satisfacciones que nos dej\u00f3 abril fue la graduaci\u00f3n de tres de los j\u00f3venes del programa Becas de Estudio, quienes finalizaron sus estudios en una universidad privada en El Salvador con la m\u00e1xima calificaci\u00f3n acad\u00e9mica. Dos de ellos, adem\u00e1s, ya han conseguido un empleo digno. Este programa se inici\u00f3 en 2006 como...","og_url":"https:\/\/asociacioncinde.org\/en\/graduacion-alumnos-con-beca-de-estudio\/","og_site_name":"ASOCIACI\u00d3N CINDE","article_published_time":"2018-05-23T20:01:06+00:00","article_modified_time":"2019-05-27T21:29:18+00:00","og_image":[{"width":959,"height":728,"url":"https:\/\/asociacioncinde.org\/en\/wp-content\/uploads\/2018\/05\/Graduados2blog.jpeg","type":"image\/jpeg"}],"author":"admin","twitter_card":"summary_large_image","twitter_misc":{"Escrito por":"admin","Tiempo de lectura":"1 minuto"},"schema":{"@context":"https:\/\/schema.org","@graph":[{"@type":"WebPage","@id":"https:\/\/asociacioncinde.org\/en\/graduacion-alumnos-con-beca-de-estudio\/","url":"https:\/\/asociacioncinde.org\/en\/graduacion-alumnos-con-beca-de-estudio\/","name":"GRADUACI\u00d3N ALUMNOS CON BECA DE ESTUDIO - ASOCIACI\u00d3N CINDE","isPartOf":{"@id":"https:\/\/asociacioncinde.org\/en\/#website"},"primaryImageOfPage":{"@id":"https:\/\/asociacioncinde.org\/en\/graduacion-alumnos-con-beca-de-estudio\/#primaryimage"},"image":{"@id":"https:\/\/asociacioncinde.org\/en\/graduacion-alumnos-con-beca-de-estudio\/#primaryimage"},"thumbnailUrl":"https:\/\/asociacioncinde.org\/en\/wp-content\/uploads\/2018\/05\/Graduados2blog.jpeg","datePublished":"2018-05-23T20:01:06+00:00","dateModified":"2019-05-27T21:29:18+00:00","author":{"@id":"https:\/\/asociacioncinde.org\/en\/#\/schema\/person\/8029c0b0740569a74b4acd97c5a02eb0"},"breadcrumb":{"@id":"https:\/\/asociacioncinde.org\/en\/graduacion-alumnos-con-beca-de-estudio\/#breadcrumb"},"inLanguage":"es","potentialAction":[{"@type":"ReadAction","target":["https:\/\/asociacioncinde.org\/en\/graduacion-alumnos-con-beca-de-estudio\/"]}]},{"@type":"ImageObject","inLanguage":"es","@id":"https:\/\/asociacioncinde.org\/en\/graduacion-alumnos-con-beca-de-estudio\/#primaryimage","url":"https:\/\/asociacioncinde.org\/en\/wp-content\/uploads\/2018\/05\/Graduados2blog.jpeg","contentUrl":"https:\/\/asociacioncinde.org\/en\/wp-content\/uploads\/2018\/05\/Graduados2blog.jpeg","width":959,"height":728},{"@type":"BreadcrumbList","@id":"https:\/\/asociacioncinde.org\/en\/graduacion-alumnos-con-beca-de-estudio\/#breadcrumb","itemListElement":[{"@type":"ListItem","position":1,"name":"Home","item":"https:\/\/asociacioncinde.org\/en\/"},{"@type":"ListItem","position":2,"name":"GRADUACI\u00d3N ALUMNOS CON BECA DE ESTUDIO"}]},{"@type":"WebSite","@id":"https:\/\/asociacioncinde.org\/en\/#website","url":"https:\/\/asociacioncinde.org\/en\/","name":"ASOCIACI\u00d3N CINDE","description":"El Salvador","potentialAction":[{"@type":"SearchAction","target":{"@type":"EntryPoint","urlTemplate":"https:\/\/asociacioncinde.org\/en\/?s={search_term_string}"},"query-input":{"@type":"PropertyValueSpecification","valueRequired":true,"valueName":"search_term_string"}}],"inLanguage":"es"},{"@type":"Person","@id":"https:\/\/asociacioncinde.org\/en\/#\/schema\/person\/8029c0b0740569a74b4acd97c5a02eb0","name":"admin","url":"https:\/\/asociacioncinde.org\/en\/author\/admin\/"}]}},"_links":{"self":[{"href":"https:\/\/asociacioncinde.org\/en\/wp-json\/wp\/v2\/posts\/596","targetHints":{"allow":["GET"]}}],"collection":[{"href":"https:\/\/asociacioncinde.org\/en\/wp-json\/wp\/v2\/posts"}],"about":[{"href":"https:\/\/asociacioncinde.org\/en\/wp-json\/wp\/v2\/types\/post"}],"author":[{"embeddable":true,"href":"https:\/\/asociacioncinde.org\/en\/wp-json\/wp\/v2\/users\/1"}],"replies":[{"embeddable":true,"href":"https:\/\/asociacioncinde.org\/en\/wp-json\/wp\/v2\/comments?post=596"}],"version-history":[{"count":1,"href":"https:\/\/asociacioncinde.org\/en\/wp-json\/wp\/v2\/posts\/596\/revisions"}],"predecessor-version":[{"id":13394,"href":"https:\/\/asociacioncinde.org\/en\/wp-json\/wp\/v2\/posts\/596\/revisions\/13394"}],"wp:featuredmedia":[{"embeddable":true,"href":"https:\/\/asociacioncinde.org\/en\/wp-json\/wp\/v2\/media\/13393"}],"wp:attachment":[{"href":"https:\/\/asociacioncinde.org\/en\/wp-json\/wp\/v2\/media?parent=596"}],"wp:term":[{"taxonomy":"category","embeddable":true,"href":"https:\/\/asociacioncinde.org\/en\/wp-json\/wp\/v2\/categories?post=596"},{"taxonomy":"post_tag","embeddable":true,"href":"https:\/\/asociacioncinde.org\/en\/wp-json\/wp\/v2\/tags?post=596"}],"curies":[{"name":"wp","href":"https:\/\/api.w.org\/{rel}","templated":true}]}}